{"id":9981,"date":"2024-10-07T12:30:07","date_gmt":"2024-10-07T12:30:07","guid":{"rendered":"https:\/\/aviones.mindonium.es\/portal\/?p=9981"},"modified":"2024-10-07T12:53:16","modified_gmt":"2024-10-07T12:53:16","slug":"san-lucas-2024","status":"publish","type":"post","link":"https:\/\/aviones.mindonium.es\/portal\/2024\/10\/07\/san-lucas-2024\/","title":{"rendered":"San Lucas 2024"},"content":{"rendered":"\n<p><\/p>\n\n\n\n<figure class=\"wp-block-image size-full\"><a href=\"https:\/\/aviones.mindonium.es\/portal\/wp-content\/uploads\/2024\/10\/FB_IMG_1727459373122-1.jpg\"><img loading=\"lazy\" decoding=\"async\" width=\"300\" height=\"420\" src=\"https:\/\/aviones.mindonium.es\/portal\/wp-content\/uploads\/2024\/10\/FB_IMG_1727459373122-1.jpg\" alt=\"\" class=\"wp-image-9984\" srcset=\"https:\/\/aviones.mindonium.es\/portal\/wp-content\/uploads\/2024\/10\/FB_IMG_1727459373122-1.jpg 300w, https:\/\/aviones.mindonium.es\/portal\/wp-content\/uploads\/2024\/10\/FB_IMG_1727459373122-1-214x300.jpg 214w\" sizes=\"(max-width: 300px) 100vw, 300px\" \/><\/a><\/figure>\n\n\n\n<p>As Festas de San Lucas, que se celebrar\u00e1n do 16 ao 20 de outubro de 2024 en Mondo\u00f1edo, prometen ser un evento inesquecible cheo de m\u00fasica e tradici\u00f3n. Este ano, o cartel das orquestras incl\u00fae actuaci\u00f3ns de grupos destacados como Grupo Da Silva, Olympus, Salsarena, Los Sat\u00e9lites, Punto Clave, Grupo Tatoo, Grupo Aroma, e Kubo, entre outros.<\/p>\n\n\n\n<p>Ademais das actuaci\u00f3ns musicais, as festas contar\u00e1n con actividades tradicionais como a Gran Feira Tradicional e a Doma Nocturna. O evento comezar\u00e1 o m\u00e9rcores 16 de outubro co preg\u00f3n a cargo de Don Jes\u00fas D\u00edaz Fern\u00e1ndez, un mestre diplomado en gastronom\u00eda internacional, diet\u00e9tica e nutrici\u00f3n, que levar\u00e1 a coci\u00f1a de Cunqueiro \u00e1s entra\u00f1as helv\u00e9ticas.<\/p>\n\n\n\n<p>Estas festas, que datan de 1156, son unha oportunidade perfecta para mergullarse na rica cultura galega e desfrutar dunha programaci\u00f3n variada que combina tradici\u00f3n e modernidade. Agard\u00e1mosvos na feira m\u00e1is antiga de Galicia!<\/p>\n\n\n\n<p><strong>Espect\u00e1culo de Doma Nocturna nas San Lucas 2024: Unha Noite de Maxia Ecuestre<\/strong><\/p>\n\n\n\n<figure class=\"wp-block-image size-full\"><a href=\"https:\/\/aviones.mindonium.es\/portal\/wp-content\/uploads\/2024\/10\/FB_IMG_1727464114025.jpg\"><img loading=\"lazy\" decoding=\"async\" width=\"300\" height=\"422\" src=\"https:\/\/aviones.mindonium.es\/portal\/wp-content\/uploads\/2024\/10\/FB_IMG_1727464114025.jpg\" alt=\"\" class=\"wp-image-9987\" srcset=\"https:\/\/aviones.mindonium.es\/portal\/wp-content\/uploads\/2024\/10\/FB_IMG_1727464114025.jpg 300w, https:\/\/aviones.mindonium.es\/portal\/wp-content\/uploads\/2024\/10\/FB_IMG_1727464114025-213x300.jpg 213w\" sizes=\"(max-width: 300px) 100vw, 300px\" \/><\/a><\/figure>\n\n\n\n<p><\/p>\n\n\n\n<p>As San Lucas 2024 prometen ser un evento inesquecible para os amantes da equitaci\u00f3n e das festas tradicionais. Os d\u00edas 18 e 19 de outubro, a Praza da Catedral de Mondo\u00f1edo acoller\u00e1 un impresionante &#8220;Espect\u00e1culo de Doma Nocturna&#8221; que comezar\u00e1 \u00e1s 21:00 horas. Este evento destacar\u00e1 a habilidade e a arte de catro renomeados artistas ecuestres: Marie Alice, Santiago Amador, Kevin Ferreira e Javier Simon.<\/p>\n\n\n\n<p>&#8211; **Marie Alice:** Co\u00f1ecida pola s\u00faa elegancia e precisi\u00f3n na doma cl\u00e1sica, Marie Alice \u00e9 unha artista que combina graza e t\u00e9cnica para crear actuaci\u00f3ns verdadeiramente hipnotizantes.<\/p>\n\n\n\n<p>&#8211; **Santiago Amador:** Un mestre das acrobacias a cabalo, Santiago Amador trae emoci\u00f3n e adrenalina ao escenario, deixando ao p\u00fablico sen alento coas s\u00faas manobras audaces e control perfecto.<\/p>\n\n\n\n<p>&#8211; **Kevin Ferreira:** Especialista en doma vaqueira, Kevin Ferreira destaca pola s\u00faa conexi\u00f3n \u00fanica co cabalo e a s\u00faa capacidade para realizar movementos complexos con aparente facilidade.<\/p>\n\n\n\n<p>&#8211; **Javier Simon:** Un virtuoso da doma natural, Javier Simon \u00e9 reco\u00f1ecido pola s\u00faa habilidade para comunicarse co cabalo de maneira intuitiva, creando un espect\u00e1culo de harmon\u00eda e confianza mutua.<\/p>\n\n\n\n<p>Non perdas esta oportunidade de vivir unha noite m\u00e1xica nas San Lucas 2024, onde a tradici\u00f3n e a arte ecuestre se unen para ofrecer un espect\u00e1culo inesquecible.<\/p>\n\n\n\n<p><strong>As San Lucas Mondo\u00f1edo 2024: A Tradici\u00f3n Equestre Contin\u00faa<\/strong><\/p>\n\n\n\n<figure class=\"wp-block-image size-full is-resized\"><a href=\"https:\/\/aviones.mindonium.es\/portal\/wp-content\/uploads\/2024\/10\/FB_IMG_1727465052673.jpg\"><img loading=\"lazy\" decoding=\"async\" width=\"300\" height=\"420\" src=\"https:\/\/aviones.mindonium.es\/portal\/wp-content\/uploads\/2024\/10\/FB_IMG_1727465052673.jpg\" alt=\"\" class=\"wp-image-9990\" style=\"width:327px;height:auto\" srcset=\"https:\/\/aviones.mindonium.es\/portal\/wp-content\/uploads\/2024\/10\/FB_IMG_1727465052673.jpg 300w, https:\/\/aviones.mindonium.es\/portal\/wp-content\/uploads\/2024\/10\/FB_IMG_1727465052673-214x300.jpg 214w\" sizes=\"(max-width: 300px) 100vw, 300px\" \/><\/a><\/figure>\n\n\n\n<p><\/p>\n\n\n\n<p>Unha vez m\u00e1is, a hist\u00f3rica cidade de Mondo\u00f1edo prep\u00e1rase para acoller o seu emblem\u00e1tico concurso de cabalos &#8220;As San Lucas&#8221;, un evento que se celebra dende o ano 1156. Este ano, as festividades dar\u00e1n comezo o xoves, 17 de outubro, coa chegada tradicional dos cabalos polas r\u00faas ata a feira.<\/p>\n\n\n\n<p>O venres, d\u00eda das v\u00e9speras da feira, os visitantes poder\u00e1n gozar dunha variedade de actividades inclu\u00edndo o premio ao mellor gando vac\u00fan e equino. O s\u00e1bado ser\u00e1 un d\u00eda cheo de competici\u00f3ns emocionantes como a proba de arrastre por tracci\u00f3n animal e a gran final da Copa Galicia de arrastre.<\/p>\n\n\n\n<p>O domingo promete ser igualmente espectacular coa celebraci\u00f3n do tradicional &#8220;D\u00eda das Mulas&#8221; e a conclusi\u00f3n do andadura galega sen esquecer os concursos morfol\u00f3xicos para diferentes razas equinas.<\/p>\n\n\n\n<p>Con m\u00e1is dun milenio de historia, &#8220;As San Lucas&#8221; non s\u00f3 honra \u00e1 tradici\u00f3n sen\u00f3n que tam\u00e9n celebra a cultura equestre galega contempor\u00e1nea. Este evento anual segue sendo un punto central para criadores, competidores e amantes dos cabalos en toda Galicia.<\/p>\n\n\n\n<p><strong>Isabel AAIUN actuara na Praza do Seminario co seu tour &#8220;Potra Salvaxe&#8221; nas San Lucas 2024<\/strong><\/p>\n\n\n\n<figure class=\"wp-block-image size-full\"><a href=\"https:\/\/aviones.mindonium.es\/portal\/wp-content\/uploads\/2024\/10\/FB_IMG_1727465272169.jpg\"><img loading=\"lazy\" decoding=\"async\" width=\"300\" height=\"424\" src=\"https:\/\/aviones.mindonium.es\/portal\/wp-content\/uploads\/2024\/10\/FB_IMG_1727465272169.jpg\" alt=\"\" class=\"wp-image-9993\" srcset=\"https:\/\/aviones.mindonium.es\/portal\/wp-content\/uploads\/2024\/10\/FB_IMG_1727465272169.jpg 300w, https:\/\/aviones.mindonium.es\/portal\/wp-content\/uploads\/2024\/10\/FB_IMG_1727465272169-212x300.jpg 212w\" sizes=\"(max-width: 300px) 100vw, 300px\" \/><\/a><\/figure>\n\n\n\n<p><\/p>\n\n\n\n<p>O pr\u00f3ximo 19 de outubro de 2024, Mondo\u00f1edo vibrar\u00e1 coa actuaci\u00f3n de Isabel Aalun, quen traer\u00e1 a s\u00faa &#8220;Gira Potra Salvaxe&#8221; \u00e1 Praza do Seminario. O concerto, que comezar\u00e1 \u00e1s 22:00 horas, promete ser un dos eventos m\u00e1is destacados das festas de San Lucas deste ano. As entradas estar\u00e1n dispo\u00f1ibles na oficina de turismo dende o 1 de setembro ata o mesmo d\u00eda do concerto.<\/p>\n\n\n\n<p>Isabel Aalun \u00e9 unha artista reco\u00f1ecida pola s\u00faa enerx\u00eda e presenza esc\u00e9nica. Co seu estilo \u00fanico e a s\u00faa voz poderosa, Isabel conseguiu conquistar o p\u00fablico en cada unha das s\u00faas actuaci\u00f3ns. A s\u00faa &#8220;Gira Potra Salvaxe&#8221; \u00e9 unha mostra do seu talento e da s\u00faa capacidade para conectar coa audiencia, ofrecendo un espect\u00e1culo inesquecible que combina m\u00fasica, emoci\u00f3n e autenticidade.<\/p>\n","protected":false},"excerpt":{"rendered":"<p>As Festas de San Lucas, que se celebrar\u00e1n do 16 ao 20 de outubro de 2024 en Mondo\u00f1edo, prometen ser<\/p>\n","protected":false},"author":1,"featured_media":0,"comment_status":"closed","ping_status":"closed","sticky":false,"template":"","format":"standard","meta":{"colormag_page_container_layout":"default_layout","colormag_page_sidebar_layout":"default_layout","_s2mail":"yes","footnotes":""},"categories":[17],"tags":[],"_links":{"self":[{"href":"https:\/\/aviones.mindonium.es\/portal\/wp-json\/wp\/v2\/posts\/9981"}],"collection":[{"href":"https:\/\/aviones.mindonium.es\/portal\/wp-json\/wp\/v2\/posts"}],"about":[{"href":"https:\/\/aviones.mindonium.es\/portal\/wp-json\/wp\/v2\/types\/post"}],"author":[{"embeddable":true,"href":"https:\/\/aviones.mindonium.es\/portal\/wp-json\/wp\/v2\/users\/1"}],"replies":[{"embeddable":true,"href":"https:\/\/aviones.mindonium.es\/portal\/wp-json\/wp\/v2\/comments?post=9981"}],"version-history":[{"count":6,"href":"https:\/\/aviones.mindonium.es\/portal\/wp-json\/wp\/v2\/posts\/9981\/revisions"}],"predecessor-version":[{"id":9994,"href":"https:\/\/aviones.mindonium.es\/portal\/wp-json\/wp\/v2\/posts\/9981\/revisions\/9994"}],"wp:attachment":[{"href":"https:\/\/aviones.mindonium.es\/portal\/wp-json\/wp\/v2\/media?parent=9981"}],"wp:term":[{"taxonomy":"category","embeddable":true,"href":"https:\/\/aviones.mindonium.es\/portal\/wp-json\/wp\/v2\/categories?post=9981"},{"taxonomy":"post_tag","embeddable":true,"href":"https:\/\/aviones.mindonium.es\/portal\/wp-json\/wp\/v2\/tags?post=9981"}],"curies":[{"name":"wp","href":"https:\/\/api.w.org\/{rel}","templated":true}]}}