{"id":9731,"date":"2024-04-22T10:47:29","date_gmt":"2024-04-22T10:47:29","guid":{"rendered":"https:\/\/aviones.mindonium.es\/portal\/?p=9731"},"modified":"2024-04-22T14:01:47","modified_gmt":"2024-04-22T14:01:47","slug":"carla-denisse-e-sara-as-novas-rainas-das-festas-das-quendas-2024-en-mondonedo","status":"publish","type":"post","link":"https:\/\/aviones.mindonium.es\/portal\/2024\/04\/22\/carla-denisse-e-sara-as-novas-rainas-das-festas-das-quendas-2024-en-mondonedo\/","title":{"rendered":"&#8220;Carla, Denisse e Sara: As Novas Ra\u00ed\u00f1as das Festas das Quendas 2024 en Mondo\u00f1edo&#8221;"},"content":{"rendered":"\n<p>Carla Garc\u00eda, Denisse Polo e Sara Coldeira foron elixidas para liderar as Festas das Quendas en Mondo\u00f1edo deste ano. A tradici\u00f3n destas festividades v\u00edvese con entusiasmo en toda a cidade, e estas tres nenas, co seu carisma e alegr\u00eda, prometen facer que esta celebraci\u00f3n sexa inesquecible.<\/p>\n\n\n\n<p>A elecci\u00f3n destas tres Ra\u00ed\u00f1as representa un momento especial para o pobo mindoniense, que agarda con ansia o inicio das festividades. Durante os dous d\u00edas de celebraci\u00f3n, Carla, Denisse e Sara ser\u00e1n o centro das atenci\u00f3ns, participando en todos os actos programados e compartindo a s\u00faa ilusi\u00f3n co resto da veci\u00f1anza.<br>As Festas das Quendas en Mondo\u00f1edo son unha oportunidade \u00fanica para que veci\u00f1os e visitantes se acheguen, gozando da boa m\u00fasica, a comida t\u00edpica e tam\u00e9n da riqueza da cultura local. Neste encontro anual, onde se celebra a alegr\u00eda e a tradici\u00f3n, non faltar\u00e1 tampouco o espect\u00e1culo do gando cabalar, unha parte fundamental da nosa identidade e historia.<\/p>\n\n\n\n<p>Con Carla, Denisse e Sara como Ra\u00ed\u00f1as, ag\u00e1rdase que estas festas sexan un rotundo \u00e9xito, rebosantes de risas, bailes e momentos compartidos. E, por suposto, tam\u00e9n agardamos que o gando cabalar engada a s\u00faa fermosura e vitalidade \u00e1s celebraci\u00f3ns, record\u00e1ndonos a conexi\u00f3n profunda que temos coa nosa terra e as s\u00faas tradici\u00f3ns.<\/p>\n\n\n\n<figure class=\"wp-block-image size-large is-resized\"><a href=\"https:\/\/aviones.mindonium.es\/portal\/wp-content\/uploads\/2024\/04\/P1190683.jpg\"><img loading=\"lazy\" decoding=\"async\" width=\"700\" height=\"525\" src=\"https:\/\/aviones.mindonium.es\/portal\/wp-content\/uploads\/2024\/04\/P1190683-700x525.jpg\" alt=\"\" class=\"wp-image-9732\" style=\"width:690px;height:auto\" srcset=\"https:\/\/aviones.mindonium.es\/portal\/wp-content\/uploads\/2024\/04\/P1190683-700x525.jpg 700w, https:\/\/aviones.mindonium.es\/portal\/wp-content\/uploads\/2024\/04\/P1190683-300x225.jpg 300w, https:\/\/aviones.mindonium.es\/portal\/wp-content\/uploads\/2024\/04\/P1190683-768x576.jpg 768w, https:\/\/aviones.mindonium.es\/portal\/wp-content\/uploads\/2024\/04\/P1190683.jpg 1080w\" sizes=\"(max-width: 700px) 100vw, 700px\" \/><\/a><\/figure>\n\n\n\n<p><\/p>\n\n\n\n<figure class=\"wp-block-image size-large\"><a href=\"https:\/\/aviones.mindonium.es\/portal\/wp-content\/uploads\/2024\/04\/P1190719.jpg\"><img loading=\"lazy\" decoding=\"async\" width=\"700\" height=\"525\" src=\"https:\/\/aviones.mindonium.es\/portal\/wp-content\/uploads\/2024\/04\/P1190719-700x525.jpg\" alt=\"\" class=\"wp-image-9733\" srcset=\"https:\/\/aviones.mindonium.es\/portal\/wp-content\/uploads\/2024\/04\/P1190719-700x525.jpg 700w, https:\/\/aviones.mindonium.es\/portal\/wp-content\/uploads\/2024\/04\/P1190719-300x225.jpg 300w, https:\/\/aviones.mindonium.es\/portal\/wp-content\/uploads\/2024\/04\/P1190719-768x576.jpg 768w, https:\/\/aviones.mindonium.es\/portal\/wp-content\/uploads\/2024\/04\/P1190719.jpg 1080w\" sizes=\"(max-width: 700px) 100vw, 700px\" \/><\/a><\/figure>\n\n\n\n<p><\/p>\n\n\n\n<figure class=\"wp-block-image size-large\"><a href=\"https:\/\/aviones.mindonium.es\/portal\/wp-content\/uploads\/2024\/04\/P1190761.jpg\"><img loading=\"lazy\" decoding=\"async\" width=\"700\" height=\"525\" src=\"https:\/\/aviones.mindonium.es\/portal\/wp-content\/uploads\/2024\/04\/P1190761-700x525.jpg\" alt=\"\" class=\"wp-image-9734\" srcset=\"https:\/\/aviones.mindonium.es\/portal\/wp-content\/uploads\/2024\/04\/P1190761-700x525.jpg 700w, https:\/\/aviones.mindonium.es\/portal\/wp-content\/uploads\/2024\/04\/P1190761-300x225.jpg 300w, https:\/\/aviones.mindonium.es\/portal\/wp-content\/uploads\/2024\/04\/P1190761-768x576.jpg 768w, https:\/\/aviones.mindonium.es\/portal\/wp-content\/uploads\/2024\/04\/P1190761.jpg 1080w\" sizes=\"(max-width: 700px) 100vw, 700px\" \/><\/a><\/figure>\n\n\n\n<p><\/p>\n\n\n\n<figure class=\"wp-block-image size-large\"><a href=\"https:\/\/aviones.mindonium.es\/portal\/wp-content\/uploads\/2024\/04\/P1190810.jpg\"><img loading=\"lazy\" decoding=\"async\" width=\"700\" height=\"525\" src=\"https:\/\/aviones.mindonium.es\/portal\/wp-content\/uploads\/2024\/04\/P1190810-700x525.jpg\" alt=\"\" class=\"wp-image-9735\" srcset=\"https:\/\/aviones.mindonium.es\/portal\/wp-content\/uploads\/2024\/04\/P1190810-700x525.jpg 700w, https:\/\/aviones.mindonium.es\/portal\/wp-content\/uploads\/2024\/04\/P1190810-300x225.jpg 300w, https:\/\/aviones.mindonium.es\/portal\/wp-content\/uploads\/2024\/04\/P1190810-768x576.jpg 768w, https:\/\/aviones.mindonium.es\/portal\/wp-content\/uploads\/2024\/04\/P1190810.jpg 1080w\" sizes=\"(max-width: 700px) 100vw, 700px\" \/><\/a><\/figure>\n","protected":false},"excerpt":{"rendered":"<p>Carla Garc\u00eda, Denisse Polo e Sara Coldeira foron elixidas para liderar as Festas das Quendas en Mondo\u00f1edo deste ano. A<\/p>\n","protected":false},"author":1,"featured_media":0,"comment_status":"closed","ping_status":"closed","sticky":false,"template":"","format":"standard","meta":{"colormag_page_container_layout":"default_layout","colormag_page_sidebar_layout":"default_layout","_s2mail":"yes","footnotes":""},"categories":[17],"tags":[],"_links":{"self":[{"href":"https:\/\/aviones.mindonium.es\/portal\/wp-json\/wp\/v2\/posts\/9731"}],"collection":[{"href":"https:\/\/aviones.mindonium.es\/portal\/wp-json\/wp\/v2\/posts"}],"about":[{"href":"https:\/\/aviones.mindonium.es\/portal\/wp-json\/wp\/v2\/types\/post"}],"author":[{"embeddable":true,"href":"https:\/\/aviones.mindonium.es\/portal\/wp-json\/wp\/v2\/users\/1"}],"replies":[{"embeddable":true,"href":"https:\/\/aviones.mindonium.es\/portal\/wp-json\/wp\/v2\/comments?post=9731"}],"version-history":[{"count":2,"href":"https:\/\/aviones.mindonium.es\/portal\/wp-json\/wp\/v2\/posts\/9731\/revisions"}],"predecessor-version":[{"id":9747,"href":"https:\/\/aviones.mindonium.es\/portal\/wp-json\/wp\/v2\/posts\/9731\/revisions\/9747"}],"wp:attachment":[{"href":"https:\/\/aviones.mindonium.es\/portal\/wp-json\/wp\/v2\/media?parent=9731"}],"wp:term":[{"taxonomy":"category","embeddable":true,"href":"https:\/\/aviones.mindonium.es\/portal\/wp-json\/wp\/v2\/categories?post=9731"},{"taxonomy":"post_tag","embeddable":true,"href":"https:\/\/aviones.mindonium.es\/portal\/wp-json\/wp\/v2\/tags?post=9731"}],"curies":[{"name":"wp","href":"https:\/\/api.w.org\/{rel}","templated":true}]}}