{"id":836,"date":"2011-05-24T13:58:56","date_gmt":"2011-05-24T13:58:56","guid":{"rendered":"http:\/\/aviones.mindonium.es\/portal\/?p=836"},"modified":"2018-08-12T18:06:06","modified_gmt":"2018-08-12T18:06:06","slug":"despegue-elicoptero-campo-de-futbol-mondonedo","status":"publish","type":"post","link":"https:\/\/aviones.mindonium.es\/portal\/2011\/05\/24\/despegue-elicoptero-campo-de-futbol-mondonedo\/","title":{"rendered":"Despegue elic\u00f3ptero campo de f\u00fatbol Mondo\u00f1edo"},"content":{"rendered":"<p>Despegue del helic\u00f3ptero de la firma coyotair que usaban para hacer un seguimiento de la red el\u00e9ctrica , que aterrizo en el campo de f\u00fabol de Mondo\u00f1edo por problemas de visibilidad.<\/p>\n<p><object style=\"height: 390px; width: 640px;\"><param name=\"movie\" value=\"http:\/\/www.youtube.com\/v\/NlLA5gXuYik?version=3\" \/><param name=\"allowFullScreen\" value=\"true\" \/><param name=\"allowScriptAccess\" value=\"always\" \/><embed type=\"application\/x-shockwave-flash\" width=\"500\" height=\"385\" src=\"http:\/\/www.youtube.com\/v\/NlLA5gXuYik?version=3\" allowfullscreen=\"true\" allowscriptaccess=\"always\"><\/embed><\/object><\/p>\n<p><a href=\"http:\/\/www.mindonium.es\/\">Volver a inicio<\/a><\/p>\n","protected":false},"excerpt":{"rendered":"<p>Despegue del helic\u00f3ptero de la firma coyotair que usaban para hacer un seguimiento de la red el\u00e9ctrica , que aterrizo<\/p>\n","protected":false},"author":1,"featured_media":0,"comment_status":"closed","ping_status":"closed","sticky":false,"template":"","format":"standard","meta":{"colormag_page_container_layout":"default_layout","colormag_page_sidebar_layout":"default_layout","_s2mail":"","footnotes":""},"categories":[18],"tags":[],"_links":{"self":[{"href":"https:\/\/aviones.mindonium.es\/portal\/wp-json\/wp\/v2\/posts\/836"}],"collection":[{"href":"https:\/\/aviones.mindonium.es\/portal\/wp-json\/wp\/v2\/posts"}],"about":[{"href":"https:\/\/aviones.mindonium.es\/portal\/wp-json\/wp\/v2\/types\/post"}],"author":[{"embeddable":true,"href":"https:\/\/aviones.mindonium.es\/portal\/wp-json\/wp\/v2\/users\/1"}],"replies":[{"embeddable":true,"href":"https:\/\/aviones.mindonium.es\/portal\/wp-json\/wp\/v2\/comments?post=836"}],"version-history":[{"count":7,"href":"https:\/\/aviones.mindonium.es\/portal\/wp-json\/wp\/v2\/posts\/836\/revisions"}],"predecessor-version":[{"id":7260,"href":"https:\/\/aviones.mindonium.es\/portal\/wp-json\/wp\/v2\/posts\/836\/revisions\/7260"}],"wp:attachment":[{"href":"https:\/\/aviones.mindonium.es\/portal\/wp-json\/wp\/v2\/media?parent=836"}],"wp:term":[{"taxonomy":"category","embeddable":true,"href":"https:\/\/aviones.mindonium.es\/portal\/wp-json\/wp\/v2\/categories?post=836"},{"taxonomy":"post_tag","embeddable":true,"href":"https:\/\/aviones.mindonium.es\/portal\/wp-json\/wp\/v2\/tags?post=836"}],"curies":[{"name":"wp","href":"https:\/\/api.w.org\/{rel}","templated":true}]}}