{"id":795,"date":"2011-05-19T06:57:47","date_gmt":"2011-05-19T06:57:47","guid":{"rendered":"http:\/\/aviones.mindonium.es\/portal\/?p=795"},"modified":"2018-08-12T18:06:07","modified_gmt":"2018-08-12T18:06:07","slug":"el-bng-cierra-su-campana-con-un-mitin-en-la-casa-da-xuventude","status":"publish","type":"post","link":"https:\/\/aviones.mindonium.es\/portal\/2011\/05\/19\/el-bng-cierra-su-campana-con-un-mitin-en-la-casa-da-xuventude\/","title":{"rendered":"El bng cierra su campa\u00f1a , con un mitin en la casa &#8221; da Xuventude &#8220;"},"content":{"rendered":"<p>El BNG Mondo\u00f1edo despu\u00e9s de terminar con los mitines por las parroquias del ayuntamiento , en los que vienen de recibir una buena acogida tanto de la candidatura como del programa de gobierno para los pr\u00f3ximos 4 a\u00f1os , termina con el mitin cierre de la campa\u00f1a en la casa \u201c da Xuventude \u201c en Mondo\u00f1edo. El candidato a Alcalde , M.Orlando Gonz\u00e1lez Cruz , insiste en la importancia de comparar los distintos programas para acudir el domingo 22 a votar la mejor opci\u00f3n para Mondo\u00f1edo , e invita a los vecinos y vecinas a participar en el acto.<\/p>\n<p><a href=\"http:\/\/aviones.mindonium.es\/portal\/wp-content\/uploads\/2011\/05\/Mitin-Peche-de-Campa\u00f1a-Mondo\u00f1edo.jpg\"><img loading=\"lazy\" decoding=\"async\" class=\"aligncenter size-medium wp-image-796\" title=\"Mitin cierre de campa\u00f1a bng Mondo\u00f1edo\" src=\"http:\/\/aviones.mindonium.es\/portal\/wp-content\/uploads\/2011\/05\/Mitin-Peche-de-Campa\u00f1a-Mondo\u00f1edo-214x300.jpg\" alt=\"\" width=\"214\" height=\"300\" srcset=\"https:\/\/aviones.mindonium.es\/portal\/wp-content\/uploads\/2011\/05\/Mitin-Peche-de-Campa\u00f1a-Mondo\u00f1edo-214x300.jpg 214w, https:\/\/aviones.mindonium.es\/portal\/wp-content\/uploads\/2011\/05\/Mitin-Peche-de-Campa\u00f1a-Mondo\u00f1edo-400x560.jpg 400w, https:\/\/aviones.mindonium.es\/portal\/wp-content\/uploads\/2011\/05\/Mitin-Peche-de-Campa\u00f1a-Mondo\u00f1edo-731x1024.jpg 731w, https:\/\/aviones.mindonium.es\/portal\/wp-content\/uploads\/2011\/05\/Mitin-Peche-de-Campa\u00f1a-Mondo\u00f1edo.jpg 771w\" sizes=\"(max-width: 214px) 100vw, 214px\" \/><\/a><\/p>\n<p><a href=\"http:\/\/www.mindonium.es\/\">Volver a inicio<\/a><\/p>\n","protected":false},"excerpt":{"rendered":"<p>El BNG Mondo\u00f1edo despu\u00e9s de terminar con los mitines por las parroquias del ayuntamiento , en los que vienen de<\/p>\n","protected":false},"author":1,"featured_media":0,"comment_status":"closed","ping_status":"closed","sticky":false,"template":"","format":"standard","meta":{"colormag_page_container_layout":"default_layout","colormag_page_sidebar_layout":"default_layout","_s2mail":"","footnotes":""},"categories":[22],"tags":[],"_links":{"self":[{"href":"https:\/\/aviones.mindonium.es\/portal\/wp-json\/wp\/v2\/posts\/795"}],"collection":[{"href":"https:\/\/aviones.mindonium.es\/portal\/wp-json\/wp\/v2\/posts"}],"about":[{"href":"https:\/\/aviones.mindonium.es\/portal\/wp-json\/wp\/v2\/types\/post"}],"author":[{"embeddable":true,"href":"https:\/\/aviones.mindonium.es\/portal\/wp-json\/wp\/v2\/users\/1"}],"replies":[{"embeddable":true,"href":"https:\/\/aviones.mindonium.es\/portal\/wp-json\/wp\/v2\/comments?post=795"}],"version-history":[{"count":3,"href":"https:\/\/aviones.mindonium.es\/portal\/wp-json\/wp\/v2\/posts\/795\/revisions"}],"predecessor-version":[{"id":799,"href":"https:\/\/aviones.mindonium.es\/portal\/wp-json\/wp\/v2\/posts\/795\/revisions\/799"}],"wp:attachment":[{"href":"https:\/\/aviones.mindonium.es\/portal\/wp-json\/wp\/v2\/media?parent=795"}],"wp:term":[{"taxonomy":"category","embeddable":true,"href":"https:\/\/aviones.mindonium.es\/portal\/wp-json\/wp\/v2\/categories?post=795"},{"taxonomy":"post_tag","embeddable":true,"href":"https:\/\/aviones.mindonium.es\/portal\/wp-json\/wp\/v2\/tags?post=795"}],"curies":[{"name":"wp","href":"https:\/\/api.w.org\/{rel}","templated":true}]}}