{"id":791,"date":"2011-05-19T06:51:55","date_gmt":"2011-05-19T06:51:55","guid":{"rendered":"http:\/\/aviones.mindonium.es\/portal\/?p=791"},"modified":"2018-08-12T18:06:07","modified_gmt":"2018-08-12T18:06:07","slug":"el-bng-crea-en-facebook-el-evento-festa-da-democracia","status":"publish","type":"post","link":"https:\/\/aviones.mindonium.es\/portal\/2011\/05\/19\/el-bng-crea-en-facebook-el-evento-festa-da-democracia\/","title":{"rendered":"El bng crea en facebook , el evento &#8221; festa da democracia &#8220;"},"content":{"rendered":"<p>Desde el BNG Mondo\u00f1edo creamos en facebook el evento \u201c fiesta de la democracia \u2013 elecciones Mondo\u00f1edo 2011 \u201c con el fin de fomentar la participaci\u00f3n de nuestros vecinos y vecinas en las elecciones Municipales 2011.<\/p>\n<p>Hacemos un llamamiento a todos los Mindonienses usuarios de facebook aque se sumen a este evento e inviten a sus amigos de Mondo\u00f1edo para que as\u00ed el d\u00eda 22 sea \u201c la fiesta de Mondo\u00f1edo , la fiesta de todos \u201c.<\/p>\n<p>Ejerce tu derecho a votar.<\/p>\n<p><a href=\"http:\/\/aviones.mindonium.es\/portal\/wp-content\/uploads\/2011\/05\/FESTA-DA-DEMOCRACIA-ELECCI\u00d3NS-MONDO\u00d1EDO-2011.jpg\"><img loading=\"lazy\" decoding=\"async\" class=\"aligncenter size-medium wp-image-792\" title=\"Fiesta de la democracia , elecci\u00f3nes Mondo\u00f1edo 2011\" src=\"http:\/\/aviones.mindonium.es\/portal\/wp-content\/uploads\/2011\/05\/FESTA-DA-DEMOCRACIA-ELECCI\u00d3NS-MONDO\u00d1EDO-2011-277x300.jpg\" alt=\"\" width=\"277\" height=\"300\" srcset=\"https:\/\/aviones.mindonium.es\/portal\/wp-content\/uploads\/2011\/05\/FESTA-DA-DEMOCRACIA-ELECCI\u00d3NS-MONDO\u00d1EDO-2011-277x300.jpg 277w, https:\/\/aviones.mindonium.es\/portal\/wp-content\/uploads\/2011\/05\/FESTA-DA-DEMOCRACIA-ELECCI\u00d3NS-MONDO\u00d1EDO-2011-400x433.jpg 400w, https:\/\/aviones.mindonium.es\/portal\/wp-content\/uploads\/2011\/05\/FESTA-DA-DEMOCRACIA-ELECCI\u00d3NS-MONDO\u00d1EDO-2011.jpg 462w\" sizes=\"(max-width: 277px) 100vw, 277px\" \/><\/a><\/p>\n<p>&nbsp;<\/p>\n<p><a href=\"http:\/\/www.mindonium.es\/\">Volver a inicio<\/a><\/p>\n","protected":false},"excerpt":{"rendered":"<p>Desde el BNG Mondo\u00f1edo creamos en facebook el evento \u201c fiesta de la democracia \u2013 elecciones Mondo\u00f1edo 2011 \u201c con<\/p>\n","protected":false},"author":1,"featured_media":0,"comment_status":"closed","ping_status":"closed","sticky":false,"template":"","format":"standard","meta":{"colormag_page_container_layout":"default_layout","colormag_page_sidebar_layout":"default_layout","_s2mail":"","footnotes":""},"categories":[22],"tags":[],"_links":{"self":[{"href":"https:\/\/aviones.mindonium.es\/portal\/wp-json\/wp\/v2\/posts\/791"}],"collection":[{"href":"https:\/\/aviones.mindonium.es\/portal\/wp-json\/wp\/v2\/posts"}],"about":[{"href":"https:\/\/aviones.mindonium.es\/portal\/wp-json\/wp\/v2\/types\/post"}],"author":[{"embeddable":true,"href":"https:\/\/aviones.mindonium.es\/portal\/wp-json\/wp\/v2\/users\/1"}],"replies":[{"embeddable":true,"href":"https:\/\/aviones.mindonium.es\/portal\/wp-json\/wp\/v2\/comments?post=791"}],"version-history":[{"count":4,"href":"https:\/\/aviones.mindonium.es\/portal\/wp-json\/wp\/v2\/posts\/791\/revisions"}],"predecessor-version":[{"id":7262,"href":"https:\/\/aviones.mindonium.es\/portal\/wp-json\/wp\/v2\/posts\/791\/revisions\/7262"}],"wp:attachment":[{"href":"https:\/\/aviones.mindonium.es\/portal\/wp-json\/wp\/v2\/media?parent=791"}],"wp:term":[{"taxonomy":"category","embeddable":true,"href":"https:\/\/aviones.mindonium.es\/portal\/wp-json\/wp\/v2\/categories?post=791"},{"taxonomy":"post_tag","embeddable":true,"href":"https:\/\/aviones.mindonium.es\/portal\/wp-json\/wp\/v2\/tags?post=791"}],"curies":[{"name":"wp","href":"https:\/\/api.w.org\/{rel}","templated":true}]}}