{"id":767,"date":"2011-05-16T18:26:13","date_gmt":"2011-05-16T18:26:13","guid":{"rendered":"http:\/\/aviones.mindonium.es\/portal\/?p=767"},"modified":"2018-08-12T18:06:08","modified_gmt":"2018-08-12T18:06:08","slug":"procesion-de-san-isidro-parroquia-del-carmen","status":"publish","type":"post","link":"https:\/\/aviones.mindonium.es\/portal\/2011\/05\/16\/procesion-de-san-isidro-parroquia-del-carmen\/","title":{"rendered":"Procesi\u00f3n de San Isidro ( parroquia del Carmen )"},"content":{"rendered":"<p>Todos los a\u00f1os el 15 de Mayo la parroquia del Carmen celebra el San Isidro , con una misa en la capilla del Carmen y la procesi\u00f3n alrededor de la capilla.<\/p>\n<p><a href=\"http:\/\/galeria.mindonium.es\/thumbnails.php?album=90\" target=\"_blank\">Ver fotograf\u00edas<\/a><\/p>\n<p><a href=\"http:\/\/galeria.mindonium.es\/thumbnails.php?album=90\" target=\"_blank\"><img loading=\"lazy\" decoding=\"async\" class=\"aligncenter size-full wp-image-768\" title=\"Procesi\u00f3n San Isidro ( parroquia del Carmen )\" src=\"http:\/\/aviones.mindonium.es\/portal\/wp-content\/uploads\/2011\/05\/portada4.jpg\" alt=\"\" width=\"314\" height=\"210\" srcset=\"https:\/\/aviones.mindonium.es\/portal\/wp-content\/uploads\/2011\/05\/portada4.jpg 314w, https:\/\/aviones.mindonium.es\/portal\/wp-content\/uploads\/2011\/05\/portada4-300x200.jpg 300w\" sizes=\"(max-width: 314px) 100vw, 314px\" \/><\/a><\/p>\n<p>&nbsp;<\/p>\n","protected":false},"excerpt":{"rendered":"<p>Todos los a\u00f1os el 15 de Mayo la parroquia del Carmen celebra el San Isidro , con una misa en<\/p>\n","protected":false},"author":1,"featured_media":0,"comment_status":"closed","ping_status":"closed","sticky":false,"template":"","format":"standard","meta":{"colormag_page_container_layout":"default_layout","colormag_page_sidebar_layout":"default_layout","_s2mail":"","footnotes":""},"categories":[17],"tags":[],"_links":{"self":[{"href":"https:\/\/aviones.mindonium.es\/portal\/wp-json\/wp\/v2\/posts\/767"}],"collection":[{"href":"https:\/\/aviones.mindonium.es\/portal\/wp-json\/wp\/v2\/posts"}],"about":[{"href":"https:\/\/aviones.mindonium.es\/portal\/wp-json\/wp\/v2\/types\/post"}],"author":[{"embeddable":true,"href":"https:\/\/aviones.mindonium.es\/portal\/wp-json\/wp\/v2\/users\/1"}],"replies":[{"embeddable":true,"href":"https:\/\/aviones.mindonium.es\/portal\/wp-json\/wp\/v2\/comments?post=767"}],"version-history":[{"count":2,"href":"https:\/\/aviones.mindonium.es\/portal\/wp-json\/wp\/v2\/posts\/767\/revisions"}],"predecessor-version":[{"id":770,"href":"https:\/\/aviones.mindonium.es\/portal\/wp-json\/wp\/v2\/posts\/767\/revisions\/770"}],"wp:attachment":[{"href":"https:\/\/aviones.mindonium.es\/portal\/wp-json\/wp\/v2\/media?parent=767"}],"wp:term":[{"taxonomy":"category","embeddable":true,"href":"https:\/\/aviones.mindonium.es\/portal\/wp-json\/wp\/v2\/categories?post=767"},{"taxonomy":"post_tag","embeddable":true,"href":"https:\/\/aviones.mindonium.es\/portal\/wp-json\/wp\/v2\/tags?post=767"}],"curies":[{"name":"wp","href":"https:\/\/api.w.org\/{rel}","templated":true}]}}