{"id":7085,"date":"2018-06-04T11:20:44","date_gmt":"2018-06-04T11:20:44","guid":{"rendered":"http:\/\/aviones.mindonium.es\/portal\/?p=7085"},"modified":"2018-08-12T18:10:11","modified_gmt":"2018-08-12T18:10:11","slug":"procesion-de-corpus-2018-mondonedo","status":"publish","type":"post","link":"https:\/\/aviones.mindonium.es\/portal\/2018\/06\/04\/procesion-de-corpus-2018-mondonedo\/","title":{"rendered":"Procesi\u00f3n de Corpus 2018 , Mondo\u00f1edo"},"content":{"rendered":"<p>Este Domingo se celebro la procesi\u00f3n de Corpus por las calles de Mondo\u00f1edo , el trabajo excelente de los voluntarios adornando las calles de alfombras florales hizo que Mondo\u00f1edo viviera una\u00a0 de las procesiones mas bonitas.<\/p>\n<p>Puedes ver los v\u00eddeos que grabamos en directo accediendo desde el siguiente enlace a nuestra pagina de Facebook<\/p>\n<p><a href=\"https:\/\/www.facebook.com\/mindonium\/\" target=\"_blank\" rel=\"noopener\">https:\/\/www.facebook.com\/mindonium\/<\/a><\/p>\n<p><img loading=\"lazy\" decoding=\"async\" class=\"aligncenter wp-image-7089 size-medium\" src=\"http:\/\/aviones.mindonium.es\/portal\/wp-content\/uploads\/2018\/06\/DSC_0043-e1534094313532-300x169.jpg\" alt=\"\" width=\"300\" height=\"169\" \/><\/p>\n","protected":false},"excerpt":{"rendered":"<p>Este Domingo se celebro la procesi\u00f3n de Corpus por las calles de Mondo\u00f1edo , el trabajo excelente de los voluntarios<\/p>\n","protected":false},"author":1,"featured_media":0,"comment_status":"closed","ping_status":"closed","sticky":false,"template":"","format":"standard","meta":{"colormag_page_container_layout":"default_layout","colormag_page_sidebar_layout":"default_layout","_s2mail":"","footnotes":""},"categories":[17],"tags":[],"_links":{"self":[{"href":"https:\/\/aviones.mindonium.es\/portal\/wp-json\/wp\/v2\/posts\/7085"}],"collection":[{"href":"https:\/\/aviones.mindonium.es\/portal\/wp-json\/wp\/v2\/posts"}],"about":[{"href":"https:\/\/aviones.mindonium.es\/portal\/wp-json\/wp\/v2\/types\/post"}],"author":[{"embeddable":true,"href":"https:\/\/aviones.mindonium.es\/portal\/wp-json\/wp\/v2\/users\/1"}],"replies":[{"embeddable":true,"href":"https:\/\/aviones.mindonium.es\/portal\/wp-json\/wp\/v2\/comments?post=7085"}],"version-history":[{"count":7,"href":"https:\/\/aviones.mindonium.es\/portal\/wp-json\/wp\/v2\/posts\/7085\/revisions"}],"predecessor-version":[{"id":7349,"href":"https:\/\/aviones.mindonium.es\/portal\/wp-json\/wp\/v2\/posts\/7085\/revisions\/7349"}],"wp:attachment":[{"href":"https:\/\/aviones.mindonium.es\/portal\/wp-json\/wp\/v2\/media?parent=7085"}],"wp:term":[{"taxonomy":"category","embeddable":true,"href":"https:\/\/aviones.mindonium.es\/portal\/wp-json\/wp\/v2\/categories?post=7085"},{"taxonomy":"post_tag","embeddable":true,"href":"https:\/\/aviones.mindonium.es\/portal\/wp-json\/wp\/v2\/tags?post=7085"}],"curies":[{"name":"wp","href":"https:\/\/api.w.org\/{rel}","templated":true}]}}