{"id":7068,"date":"2018-03-31T15:32:16","date_gmt":"2018-03-31T15:32:16","guid":{"rendered":"http:\/\/aviones.mindonium.es\/portal\/?p=7068"},"modified":"2018-08-12T18:04:04","modified_gmt":"2018-08-12T18:04:04","slug":"procesion-de-la-soledad-en-la-catedral-semana-santa-2018-mondonedo","status":"publish","type":"post","link":"https:\/\/aviones.mindonium.es\/portal\/2018\/03\/31\/procesion-de-la-soledad-en-la-catedral-semana-santa-2018-mondonedo\/","title":{"rendered":"Procesi\u00f3n de la Soledad en la Catedral Semana Santa 2018 Mondo\u00f1edo"},"content":{"rendered":"<p>Procesi\u00f3n de la Soledad en la Catedral Semana Santa 2018 Mondo\u00f1edo<\/p>\n<p><iframe loading=\"lazy\" width=\"500\" height=\"300\" src=\"https:\/\/www.youtube.com\/embed\/Tm3QILQHnrQ?rel=0\" frameborder=\"0\" allow=\"autoplay; encrypted-media\" allowfullscreen><\/iframe> <\/p>\n<p><a href=\"http:\/\/aviones.mindonium.es\/portal\/?p=7020\">Todos los v\u00eddeos de Semana Santa desde este enlace <\/a><\/p>\n","protected":false},"excerpt":{"rendered":"<p>Procesi\u00f3n de la Soledad en la Catedral Semana Santa 2018 Mondo\u00f1edo Todos los v\u00eddeos de Semana Santa desde este enlace<\/p>\n","protected":false},"author":1,"featured_media":0,"comment_status":"closed","ping_status":"closed","sticky":false,"template":"","format":"standard","meta":{"colormag_page_container_layout":"default_layout","colormag_page_sidebar_layout":"default_layout","_s2mail":"","footnotes":""},"categories":[17,18],"tags":[],"_links":{"self":[{"href":"https:\/\/aviones.mindonium.es\/portal\/wp-json\/wp\/v2\/posts\/7068"}],"collection":[{"href":"https:\/\/aviones.mindonium.es\/portal\/wp-json\/wp\/v2\/posts"}],"about":[{"href":"https:\/\/aviones.mindonium.es\/portal\/wp-json\/wp\/v2\/types\/post"}],"author":[{"embeddable":true,"href":"https:\/\/aviones.mindonium.es\/portal\/wp-json\/wp\/v2\/users\/1"}],"replies":[{"embeddable":true,"href":"https:\/\/aviones.mindonium.es\/portal\/wp-json\/wp\/v2\/comments?post=7068"}],"version-history":[{"count":5,"href":"https:\/\/aviones.mindonium.es\/portal\/wp-json\/wp\/v2\/posts\/7068\/revisions"}],"predecessor-version":[{"id":7084,"href":"https:\/\/aviones.mindonium.es\/portal\/wp-json\/wp\/v2\/posts\/7068\/revisions\/7084"}],"wp:attachment":[{"href":"https:\/\/aviones.mindonium.es\/portal\/wp-json\/wp\/v2\/media?parent=7068"}],"wp:term":[{"taxonomy":"category","embeddable":true,"href":"https:\/\/aviones.mindonium.es\/portal\/wp-json\/wp\/v2\/categories?post=7068"},{"taxonomy":"post_tag","embeddable":true,"href":"https:\/\/aviones.mindonium.es\/portal\/wp-json\/wp\/v2\/tags?post=7068"}],"curies":[{"name":"wp","href":"https:\/\/api.w.org\/{rel}","templated":true}]}}