{"id":7056,"date":"2018-03-30T15:04:38","date_gmt":"2018-03-30T15:04:38","guid":{"rendered":"http:\/\/aviones.mindonium.es\/portal\/?p=7056"},"modified":"2018-08-12T18:04:04","modified_gmt":"2018-08-12T18:04:04","slug":"viacrucis-penitencial-en-la-plaza-de-la-catedral-semana-santa-2018-mondonedo","status":"publish","type":"post","link":"https:\/\/aviones.mindonium.es\/portal\/2018\/03\/30\/viacrucis-penitencial-en-la-plaza-de-la-catedral-semana-santa-2018-mondonedo\/","title":{"rendered":"Viacrucis Penitencial en la plaza de la Catedral , Semana Santa 2018 Mondo\u00f1edo"},"content":{"rendered":"<p>Viacrucis Penitencial en la plaza de la Catedral , Semana Santa 2018 Mondo\u00f1edo<\/p>\n<p><iframe loading=\"lazy\" width=\"500\" height=\"300\" src=\"https:\/\/www.youtube.com\/embed\/J0F7rGSoHg0?rel=0\" frameborder=\"0\" allow=\"autoplay; encrypted-media\" allowfullscreen><\/iframe><\/p>\n<p><a href=\"http:\/\/aviones.mindonium.es\/portal\/?p=7020\">Ver m\u00e1s v\u00eddeos de nuestra Semana Santa Mindoniense <\/a><\/p>\n","protected":false},"excerpt":{"rendered":"<p>Viacrucis Penitencial en la plaza de la Catedral , Semana Santa 2018 Mondo\u00f1edo Ver m\u00e1s v\u00eddeos de nuestra Semana Santa<\/p>\n","protected":false},"author":1,"featured_media":0,"comment_status":"closed","ping_status":"closed","sticky":false,"template":"","format":"standard","meta":{"colormag_page_container_layout":"default_layout","colormag_page_sidebar_layout":"default_layout","_s2mail":"","footnotes":""},"categories":[17,18],"tags":[],"_links":{"self":[{"href":"https:\/\/aviones.mindonium.es\/portal\/wp-json\/wp\/v2\/posts\/7056"}],"collection":[{"href":"https:\/\/aviones.mindonium.es\/portal\/wp-json\/wp\/v2\/posts"}],"about":[{"href":"https:\/\/aviones.mindonium.es\/portal\/wp-json\/wp\/v2\/types\/post"}],"author":[{"embeddable":true,"href":"https:\/\/aviones.mindonium.es\/portal\/wp-json\/wp\/v2\/users\/1"}],"replies":[{"embeddable":true,"href":"https:\/\/aviones.mindonium.es\/portal\/wp-json\/wp\/v2\/comments?post=7056"}],"version-history":[{"count":5,"href":"https:\/\/aviones.mindonium.es\/portal\/wp-json\/wp\/v2\/posts\/7056\/revisions"}],"predecessor-version":[{"id":7061,"href":"https:\/\/aviones.mindonium.es\/portal\/wp-json\/wp\/v2\/posts\/7056\/revisions\/7061"}],"wp:attachment":[{"href":"https:\/\/aviones.mindonium.es\/portal\/wp-json\/wp\/v2\/media?parent=7056"}],"wp:term":[{"taxonomy":"category","embeddable":true,"href":"https:\/\/aviones.mindonium.es\/portal\/wp-json\/wp\/v2\/categories?post=7056"},{"taxonomy":"post_tag","embeddable":true,"href":"https:\/\/aviones.mindonium.es\/portal\/wp-json\/wp\/v2\/tags?post=7056"}],"curies":[{"name":"wp","href":"https:\/\/api.w.org\/{rel}","templated":true}]}}