{"id":7047,"date":"2018-03-29T14:31:00","date_gmt":"2018-03-29T14:31:00","guid":{"rendered":"http:\/\/aviones.mindonium.es\/portal\/?p=7047"},"modified":"2018-08-12T18:04:04","modified_gmt":"2018-08-12T18:04:04","slug":"viacrucis-penitencial-semana-santa-mondonedo","status":"publish","type":"post","link":"https:\/\/aviones.mindonium.es\/portal\/2018\/03\/29\/viacrucis-penitencial-semana-santa-mondonedo\/","title":{"rendered":"Viacrucis Penitencial , Semana Santa Mondo\u00f1edo"},"content":{"rendered":"<p>Por al mal tiempo no se pudo hacer la procesi\u00f3n por su itinerario de costumbre hacia los Picos , pero si se realizo en el interior de la iglesia de Nuestra Se\u00f1ora de los Remedios.<\/p>\n<p><iframe loading=\"lazy\" width=\"500\" height=\"300\" src=\"https:\/\/www.youtube.com\/embed\/UXlCnVkEPVI?rel=0\" frameborder=\"0\" allow=\"autoplay; encrypted-media\" allowfullscreen><\/iframe><\/p>\n<p>&nbsp;<\/p>\n<p>Mas v\u00eddeos de nuestra Semana Santa Mindoniense<\/p>\n<p><a href=\"http:\/\/aviones.mindonium.es\/portal\/?p=7020\">Ver v\u00eddeos <\/a><\/p>\n","protected":false},"excerpt":{"rendered":"<p>Por al mal tiempo no se pudo hacer la procesi\u00f3n por su itinerario de costumbre hacia los Picos , pero<\/p>\n","protected":false},"author":1,"featured_media":0,"comment_status":"closed","ping_status":"closed","sticky":false,"template":"","format":"standard","meta":{"colormag_page_container_layout":"default_layout","colormag_page_sidebar_layout":"default_layout","_s2mail":"","footnotes":""},"categories":[17,18],"tags":[],"_links":{"self":[{"href":"https:\/\/aviones.mindonium.es\/portal\/wp-json\/wp\/v2\/posts\/7047"}],"collection":[{"href":"https:\/\/aviones.mindonium.es\/portal\/wp-json\/wp\/v2\/posts"}],"about":[{"href":"https:\/\/aviones.mindonium.es\/portal\/wp-json\/wp\/v2\/types\/post"}],"author":[{"embeddable":true,"href":"https:\/\/aviones.mindonium.es\/portal\/wp-json\/wp\/v2\/users\/1"}],"replies":[{"embeddable":true,"href":"https:\/\/aviones.mindonium.es\/portal\/wp-json\/wp\/v2\/comments?post=7047"}],"version-history":[{"count":7,"href":"https:\/\/aviones.mindonium.es\/portal\/wp-json\/wp\/v2\/posts\/7047\/revisions"}],"predecessor-version":[{"id":7054,"href":"https:\/\/aviones.mindonium.es\/portal\/wp-json\/wp\/v2\/posts\/7047\/revisions\/7054"}],"wp:attachment":[{"href":"https:\/\/aviones.mindonium.es\/portal\/wp-json\/wp\/v2\/media?parent=7047"}],"wp:term":[{"taxonomy":"category","embeddable":true,"href":"https:\/\/aviones.mindonium.es\/portal\/wp-json\/wp\/v2\/categories?post=7047"},{"taxonomy":"post_tag","embeddable":true,"href":"https:\/\/aviones.mindonium.es\/portal\/wp-json\/wp\/v2\/tags?post=7047"}],"curies":[{"name":"wp","href":"https:\/\/api.w.org\/{rel}","templated":true}]}}