{"id":7020,"date":"2018-03-25T17:01:33","date_gmt":"2018-03-25T17:01:33","guid":{"rendered":"http:\/\/aviones.mindonium.es\/portal\/?p=7020"},"modified":"2018-08-12T18:04:04","modified_gmt":"2018-08-12T18:04:04","slug":"semana-santa-2018-mondonedo-procesion-domingo-de-ramos","status":"publish","type":"post","link":"https:\/\/aviones.mindonium.es\/portal\/2018\/03\/25\/semana-santa-2018-mondonedo-procesion-domingo-de-ramos\/","title":{"rendered":"Semana Santa 2018 Mondo\u00f1edo"},"content":{"rendered":"<p>Procesi\u00f3n de la Soledad en la Catedral Semana Santa 2018 Mondo\u00f1edo<br \/>\n<iframe loading=\"lazy\" width=\"500\" height=\"300\" src=\"https:\/\/www.youtube.com\/embed\/Tm3QILQHnrQ?rel=0\" frameborder=\"0\" allow=\"autoplay; encrypted-media\" allowfullscreen><\/iframe><\/p>\n<p>Santo Entierro en la Catedral Semana Santa 2018 Mondo\u00f1edo<br \/>\n<iframe loading=\"lazy\" width=\"500\" height=\"300\" src=\"https:\/\/www.youtube.com\/embed\/BIg9oOa0UjI?rel=0\" frameborder=\"0\" allow=\"autoplay; encrypted-media\" allowfullscreen><\/iframe><\/p>\n<p>Viacrucis Penitencial en la plaza de la Catedral , Semana Santa 2018 Mondo\u00f1edo<\/p>\n<p><iframe loading=\"lazy\" width=\"500\" height=\"300\" src=\"https:\/\/www.youtube.com\/embed\/J0F7rGSoHg0?rel=0\" frameborder=\"0\" allow=\"autoplay; encrypted-media\" allowfullscreen><\/iframe><\/p>\n<p>Viacrucis Penitencial<br \/>\n<iframe loading=\"lazy\" width=\"500\" height=\"300\" src=\"https:\/\/www.youtube.com\/embed\/UXlCnVkEPVI?rel=0\" frameborder=\"0\" allow=\"autoplay; encrypted-media\" allowfullscreen><\/iframe><\/p>\n<p>Procesi\u00f3n del Ecce Homo<br \/>\n<iframe loading=\"lazy\" width=\"500\" height=\"300\" src=\"https:\/\/www.youtube.com\/embed\/Zc_H1vDLVnM?rel=0\" frameborder=\"0\" allow=\"autoplay; encrypted-media\" allowfullscreen><\/iframe><\/p>\n<p>&nbsp;<\/p>\n<p>&nbsp;<\/p>\n<p>Un peque\u00f1o resumen de la procesi\u00f3n de Domingo de Ramos que se celebro este domingo en Mondo\u00f1edo.<br \/>\n<iframe loading=\"lazy\" width=\"500\" height=\"300\" src=\"https:\/\/www.youtube.com\/embed\/hlmgvHhBgtw?rel=0\" frameborder=\"0\" allow=\"autoplay; encrypted-media\" allowfullscreen><\/iframe><\/p>\n<p>&nbsp;<\/p>\n<p>&nbsp;<\/p>\n","protected":false},"excerpt":{"rendered":"<p>Procesi\u00f3n de la Soledad en la Catedral Semana Santa 2018 Mondo\u00f1edo Santo Entierro en la Catedral Semana Santa 2018 Mondo\u00f1edo<\/p>\n","protected":false},"author":1,"featured_media":0,"comment_status":"closed","ping_status":"closed","sticky":false,"template":"","format":"standard","meta":{"colormag_page_container_layout":"default_layout","colormag_page_sidebar_layout":"default_layout","_s2mail":"","footnotes":""},"categories":[17,18],"tags":[],"_links":{"self":[{"href":"https:\/\/aviones.mindonium.es\/portal\/wp-json\/wp\/v2\/posts\/7020"}],"collection":[{"href":"https:\/\/aviones.mindonium.es\/portal\/wp-json\/wp\/v2\/posts"}],"about":[{"href":"https:\/\/aviones.mindonium.es\/portal\/wp-json\/wp\/v2\/types\/post"}],"author":[{"embeddable":true,"href":"https:\/\/aviones.mindonium.es\/portal\/wp-json\/wp\/v2\/users\/1"}],"replies":[{"embeddable":true,"href":"https:\/\/aviones.mindonium.es\/portal\/wp-json\/wp\/v2\/comments?post=7020"}],"version-history":[{"count":13,"href":"https:\/\/aviones.mindonium.es\/portal\/wp-json\/wp\/v2\/posts\/7020\/revisions"}],"predecessor-version":[{"id":7100,"href":"https:\/\/aviones.mindonium.es\/portal\/wp-json\/wp\/v2\/posts\/7020\/revisions\/7100"}],"wp:attachment":[{"href":"https:\/\/aviones.mindonium.es\/portal\/wp-json\/wp\/v2\/media?parent=7020"}],"wp:term":[{"taxonomy":"category","embeddable":true,"href":"https:\/\/aviones.mindonium.es\/portal\/wp-json\/wp\/v2\/categories?post=7020"},{"taxonomy":"post_tag","embeddable":true,"href":"https:\/\/aviones.mindonium.es\/portal\/wp-json\/wp\/v2\/tags?post=7020"}],"curies":[{"name":"wp","href":"https:\/\/api.w.org\/{rel}","templated":true}]}}