{"id":6932,"date":"2017-07-15T16:44:32","date_gmt":"2017-07-15T16:44:32","guid":{"rendered":"http:\/\/aviones.mindonium.es\/portal\/?p=6932"},"modified":"2018-08-12T18:04:05","modified_gmt":"2018-08-12T18:04:05","slug":"carmen-2017-procesion-y-sesion-vermu","status":"publish","type":"post","link":"https:\/\/aviones.mindonium.es\/portal\/2017\/07\/15\/carmen-2017-procesion-y-sesion-vermu\/","title":{"rendered":"Carmen 2017, procesi\u00f3n y sesi\u00f3n verm\u00fa"},"content":{"rendered":"<p>Los vecinos del Carmen de Mondo\u00f1edo est\u00e1n este fin de semana de fiestas , en la jornada de hoy la misa comenz\u00f3 a las 13 horas seguida de la procesi\u00f3n y una gran sesi\u00f3n verm\u00fa amenizada por la orquesta de Mondo\u00f1edo &#8221; Salsa Arena&#8221;.<\/p>\n<p>Por la noche la fiesta continua con la Verbena amenizada por &#8221; Salsa Arena &#8221;<\/p>\n<p><a href=\"http:\/\/galeria.mindonium.es\/thumbnails.php?album=253\" target=\"_blank\">ver galer\u00eda <\/a><\/p>\n<p><a href=\"http:\/\/galeria.mindonium.es\/thumbnails.php?album=253\" target=\"_blank\"><img loading=\"lazy\" decoding=\"async\" class=\"aligncenter size-full wp-image-6933\" src=\"http:\/\/aviones.mindonium.es\/portal\/wp-content\/uploads\/2017\/07\/0-1portada.jpg\" alt=\"\" width=\"400\" height=\"225\" srcset=\"https:\/\/aviones.mindonium.es\/portal\/wp-content\/uploads\/2017\/07\/0-1portada.jpg 400w, https:\/\/aviones.mindonium.es\/portal\/wp-content\/uploads\/2017\/07\/0-1portada-300x168.jpg 300w\" sizes=\"(max-width: 400px) 100vw, 400px\" \/><\/a><a href=\"http:\/\/www.mindonium.es\/\">volver a inicio<\/a><\/p>\n","protected":false},"excerpt":{"rendered":"<p>Los vecinos del Carmen de Mondo\u00f1edo est\u00e1n este fin de semana de fiestas , en la jornada de hoy la<\/p>\n","protected":false},"author":1,"featured_media":0,"comment_status":"closed","ping_status":"closed","sticky":false,"template":"","format":"standard","meta":{"colormag_page_container_layout":"default_layout","colormag_page_sidebar_layout":"default_layout","_s2mail":"","footnotes":""},"categories":[17],"tags":[87,33,120],"_links":{"self":[{"href":"https:\/\/aviones.mindonium.es\/portal\/wp-json\/wp\/v2\/posts\/6932"}],"collection":[{"href":"https:\/\/aviones.mindonium.es\/portal\/wp-json\/wp\/v2\/posts"}],"about":[{"href":"https:\/\/aviones.mindonium.es\/portal\/wp-json\/wp\/v2\/types\/post"}],"author":[{"embeddable":true,"href":"https:\/\/aviones.mindonium.es\/portal\/wp-json\/wp\/v2\/users\/1"}],"replies":[{"embeddable":true,"href":"https:\/\/aviones.mindonium.es\/portal\/wp-json\/wp\/v2\/comments?post=6932"}],"version-history":[{"count":3,"href":"https:\/\/aviones.mindonium.es\/portal\/wp-json\/wp\/v2\/posts\/6932\/revisions"}],"predecessor-version":[{"id":6936,"href":"https:\/\/aviones.mindonium.es\/portal\/wp-json\/wp\/v2\/posts\/6932\/revisions\/6936"}],"wp:attachment":[{"href":"https:\/\/aviones.mindonium.es\/portal\/wp-json\/wp\/v2\/media?parent=6932"}],"wp:term":[{"taxonomy":"category","embeddable":true,"href":"https:\/\/aviones.mindonium.es\/portal\/wp-json\/wp\/v2\/categories?post=6932"},{"taxonomy":"post_tag","embeddable":true,"href":"https:\/\/aviones.mindonium.es\/portal\/wp-json\/wp\/v2\/tags?post=6932"}],"curies":[{"name":"wp","href":"https:\/\/api.w.org\/{rel}","templated":true}]}}