{"id":6903,"date":"2017-05-02T22:29:13","date_gmt":"2017-05-02T22:29:13","guid":{"rendered":"http:\/\/aviones.mindonium.es\/portal\/?p=6903"},"modified":"2018-08-12T18:04:06","modified_gmt":"2018-08-12T18:04:06","slug":"fotos-de-las-quendas-2017","status":"publish","type":"post","link":"https:\/\/aviones.mindonium.es\/portal\/2017\/05\/02\/fotos-de-las-quendas-2017\/","title":{"rendered":"Fotos de las Quendas 2017"},"content":{"rendered":"<p>con el final de las Quendas de este a\u00f1o , reunimos en nuestra galer\u00eda un resumen de los mejores momentos de las fiestas , feria de ganado , conciertos y un sinf\u00edn de actividades de visita obligada a Mondo\u00f1edo.<\/p>\n<p><a href=\"http:\/\/galeria.mindonium.es\/thumbnails.php?album=250\" target=\"_blank\">fotos Quendas 2017 <\/a><\/p>\n<p><a href=\"http:\/\/galeria.mindonium.es\/thumbnails.php?album=250\" target=\"_blank\"><img loading=\"lazy\" decoding=\"async\" class=\"aligncenter size-full wp-image-6904\" src=\"http:\/\/aviones.mindonium.es\/portal\/wp-content\/uploads\/2017\/05\/0-14portada.jpg\" alt=\"\" width=\"400\" height=\"225\" srcset=\"https:\/\/aviones.mindonium.es\/portal\/wp-content\/uploads\/2017\/05\/0-14portada.jpg 400w, https:\/\/aviones.mindonium.es\/portal\/wp-content\/uploads\/2017\/05\/0-14portada-300x168.jpg 300w\" sizes=\"(max-width: 400px) 100vw, 400px\" \/><\/a><a href=\"http:\/\/www.mindonium.es\/\">Volver<\/a><\/p>\n","protected":false},"excerpt":{"rendered":"<p>con el final de las Quendas de este a\u00f1o , reunimos en nuestra galer\u00eda un resumen de los mejores momentos<\/p>\n","protected":false},"author":1,"featured_media":0,"comment_status":"closed","ping_status":"closed","sticky":false,"template":"","format":"standard","meta":{"colormag_page_container_layout":"default_layout","colormag_page_sidebar_layout":"default_layout","_s2mail":"","footnotes":""},"categories":[17],"tags":[],"_links":{"self":[{"href":"https:\/\/aviones.mindonium.es\/portal\/wp-json\/wp\/v2\/posts\/6903"}],"collection":[{"href":"https:\/\/aviones.mindonium.es\/portal\/wp-json\/wp\/v2\/posts"}],"about":[{"href":"https:\/\/aviones.mindonium.es\/portal\/wp-json\/wp\/v2\/types\/post"}],"author":[{"embeddable":true,"href":"https:\/\/aviones.mindonium.es\/portal\/wp-json\/wp\/v2\/users\/1"}],"replies":[{"embeddable":true,"href":"https:\/\/aviones.mindonium.es\/portal\/wp-json\/wp\/v2\/comments?post=6903"}],"version-history":[{"count":4,"href":"https:\/\/aviones.mindonium.es\/portal\/wp-json\/wp\/v2\/posts\/6903\/revisions"}],"predecessor-version":[{"id":6908,"href":"https:\/\/aviones.mindonium.es\/portal\/wp-json\/wp\/v2\/posts\/6903\/revisions\/6908"}],"wp:attachment":[{"href":"https:\/\/aviones.mindonium.es\/portal\/wp-json\/wp\/v2\/media?parent=6903"}],"wp:term":[{"taxonomy":"category","embeddable":true,"href":"https:\/\/aviones.mindonium.es\/portal\/wp-json\/wp\/v2\/categories?post=6903"},{"taxonomy":"post_tag","embeddable":true,"href":"https:\/\/aviones.mindonium.es\/portal\/wp-json\/wp\/v2\/tags?post=6903"}],"curies":[{"name":"wp","href":"https:\/\/api.w.org\/{rel}","templated":true}]}}