{"id":6886,"date":"2017-04-30T11:10:21","date_gmt":"2017-04-30T11:10:21","guid":{"rendered":"http:\/\/aviones.mindonium.es\/portal\/?p=6886"},"modified":"2018-08-12T18:04:06","modified_gmt":"2018-08-12T18:04:06","slug":"quendas-2017-2","status":"publish","type":"post","link":"https:\/\/aviones.mindonium.es\/portal\/2017\/04\/30\/quendas-2017-2\/","title":{"rendered":"Quendas 2017"},"content":{"rendered":"<p>El m\u00fasico y compositor , Hugo Torreiro di\u00f3 este pasado s\u00e1bado un concierto en la Casa da Xuventude , donde se pudo ver la calidad y dulzura de este compositor gallego, que deleito a sus seguidores con piezas de su ultimo disco , entre otras en un concierto que duro hora y media .<\/p>\n<p><a href=\"http:\/\/galeria.mindonium.es\/thumbnails.php?album=250\" target=\"_blank\">ver galer\u00eda <\/a><\/p>\n<p><img loading=\"lazy\" decoding=\"async\" class=\"aligncenter size-full wp-image-6887\" src=\"http:\/\/aviones.mindonium.es\/portal\/wp-content\/uploads\/2017\/04\/0-4portada2.jpg\" alt=\"\" width=\"400\" height=\"225\" srcset=\"https:\/\/aviones.mindonium.es\/portal\/wp-content\/uploads\/2017\/04\/0-4portada2.jpg 400w, https:\/\/aviones.mindonium.es\/portal\/wp-content\/uploads\/2017\/04\/0-4portada2-300x168.jpg 300w\" sizes=\"(max-width: 400px) 100vw, 400px\" \/><\/p>\n<p><a href=\"http:\/\/www.mindonium.es\/\">Volver<\/a><\/p>\n","protected":false},"excerpt":{"rendered":"<p>El m\u00fasico y compositor , Hugo Torreiro di\u00f3 este pasado s\u00e1bado un concierto en la Casa da Xuventude , donde<\/p>\n","protected":false},"author":1,"featured_media":0,"comment_status":"closed","ping_status":"closed","sticky":false,"template":"","format":"standard","meta":{"colormag_page_container_layout":"default_layout","colormag_page_sidebar_layout":"default_layout","_s2mail":"","footnotes":""},"categories":[17],"tags":[],"_links":{"self":[{"href":"https:\/\/aviones.mindonium.es\/portal\/wp-json\/wp\/v2\/posts\/6886"}],"collection":[{"href":"https:\/\/aviones.mindonium.es\/portal\/wp-json\/wp\/v2\/posts"}],"about":[{"href":"https:\/\/aviones.mindonium.es\/portal\/wp-json\/wp\/v2\/types\/post"}],"author":[{"embeddable":true,"href":"https:\/\/aviones.mindonium.es\/portal\/wp-json\/wp\/v2\/users\/1"}],"replies":[{"embeddable":true,"href":"https:\/\/aviones.mindonium.es\/portal\/wp-json\/wp\/v2\/comments?post=6886"}],"version-history":[{"count":11,"href":"https:\/\/aviones.mindonium.es\/portal\/wp-json\/wp\/v2\/posts\/6886\/revisions"}],"predecessor-version":[{"id":6896,"href":"https:\/\/aviones.mindonium.es\/portal\/wp-json\/wp\/v2\/posts\/6886\/revisions\/6896"}],"wp:attachment":[{"href":"https:\/\/aviones.mindonium.es\/portal\/wp-json\/wp\/v2\/media?parent=6886"}],"wp:term":[{"taxonomy":"category","embeddable":true,"href":"https:\/\/aviones.mindonium.es\/portal\/wp-json\/wp\/v2\/categories?post=6886"},{"taxonomy":"post_tag","embeddable":true,"href":"https:\/\/aviones.mindonium.es\/portal\/wp-json\/wp\/v2\/tags?post=6886"}],"curies":[{"name":"wp","href":"https:\/\/api.w.org\/{rel}","templated":true}]}}