{"id":6878,"date":"2017-04-29T12:44:01","date_gmt":"2017-04-29T12:44:01","guid":{"rendered":"http:\/\/aviones.mindonium.es\/portal\/?p=6878"},"modified":"2018-08-12T18:04:06","modified_gmt":"2018-08-12T18:04:06","slug":"quendas-2017","status":"publish","type":"post","link":"https:\/\/aviones.mindonium.es\/portal\/2017\/04\/29\/quendas-2017\/","title":{"rendered":"Quendas 2017"},"content":{"rendered":"<p>El auditorio de Mondo\u00f1edo abarrotado para escuchar el Preg\u00f3n \u00a0pronunciado este a\u00f1o por la Mindoniense Sara Gonz\u00e1lez Garc\u00eda , elegida mejor ingeniera qu\u00edmica joven de Espa\u00f1a , por la Real Academia de Ingenier\u00eda , que dio comienzo a los cuatro d\u00edas de fiestas de las Quendas 2017<\/p>\n<p><a href=\"http:\/\/galeria.mindonium.es\/thumbnails.php?album=250\" target=\"_blank\">ver galer\u00eda<\/a><\/p>\n<p><a href=\"http:\/\/galeria.mindonium.es\/thumbnails.php?album=250\" target=\"_blank\"><img loading=\"lazy\" decoding=\"async\" class=\"aligncenter size-full wp-image-6879\" src=\"http:\/\/aviones.mindonium.es\/portal\/wp-content\/uploads\/2017\/04\/0-4portada1.jpg\" alt=\"\" width=\"400\" height=\"225\" srcset=\"https:\/\/aviones.mindonium.es\/portal\/wp-content\/uploads\/2017\/04\/0-4portada1.jpg 400w, https:\/\/aviones.mindonium.es\/portal\/wp-content\/uploads\/2017\/04\/0-4portada1-300x168.jpg 300w\" sizes=\"(max-width: 400px) 100vw, 400px\" \/><\/a><a href=\"http:\/\/www.mindonium.es\/\"> Volver<\/a><\/p>\n","protected":false},"excerpt":{"rendered":"<p>El auditorio de Mondo\u00f1edo abarrotado para escuchar el Preg\u00f3n \u00a0pronunciado este a\u00f1o por la Mindoniense Sara Gonz\u00e1lez Garc\u00eda , elegida<\/p>\n","protected":false},"author":1,"featured_media":0,"comment_status":"closed","ping_status":"closed","sticky":false,"template":"","format":"standard","meta":{"colormag_page_container_layout":"default_layout","colormag_page_sidebar_layout":"default_layout","_s2mail":"","footnotes":""},"categories":[17],"tags":[],"_links":{"self":[{"href":"https:\/\/aviones.mindonium.es\/portal\/wp-json\/wp\/v2\/posts\/6878"}],"collection":[{"href":"https:\/\/aviones.mindonium.es\/portal\/wp-json\/wp\/v2\/posts"}],"about":[{"href":"https:\/\/aviones.mindonium.es\/portal\/wp-json\/wp\/v2\/types\/post"}],"author":[{"embeddable":true,"href":"https:\/\/aviones.mindonium.es\/portal\/wp-json\/wp\/v2\/users\/1"}],"replies":[{"embeddable":true,"href":"https:\/\/aviones.mindonium.es\/portal\/wp-json\/wp\/v2\/comments?post=6878"}],"version-history":[{"count":4,"href":"https:\/\/aviones.mindonium.es\/portal\/wp-json\/wp\/v2\/posts\/6878\/revisions"}],"predecessor-version":[{"id":6883,"href":"https:\/\/aviones.mindonium.es\/portal\/wp-json\/wp\/v2\/posts\/6878\/revisions\/6883"}],"wp:attachment":[{"href":"https:\/\/aviones.mindonium.es\/portal\/wp-json\/wp\/v2\/media?parent=6878"}],"wp:term":[{"taxonomy":"category","embeddable":true,"href":"https:\/\/aviones.mindonium.es\/portal\/wp-json\/wp\/v2\/categories?post=6878"},{"taxonomy":"post_tag","embeddable":true,"href":"https:\/\/aviones.mindonium.es\/portal\/wp-json\/wp\/v2\/tags?post=6878"}],"curies":[{"name":"wp","href":"https:\/\/api.w.org\/{rel}","templated":true}]}}