{"id":6868,"date":"2017-04-16T15:44:43","date_gmt":"2017-04-16T15:44:43","guid":{"rendered":"http:\/\/aviones.mindonium.es\/portal\/?p=6868"},"modified":"2018-08-12T18:04:06","modified_gmt":"2018-08-12T18:04:06","slug":"fotografias-semana-santa-mindoniense-2017","status":"publish","type":"post","link":"https:\/\/aviones.mindonium.es\/portal\/2017\/04\/16\/fotografias-semana-santa-mindoniense-2017\/","title":{"rendered":"Fotograf\u00edas Semana Santa Mindoniense 2017"},"content":{"rendered":"<p>Todas las fotos de la Semana Santa Mindoniense en nuestra galer\u00eda .<\/p>\n<p>Tengo que dar la gracias a Manu guerra por la aportaci\u00f3n de las fotos para que pudiera completar la galer\u00eda que por motivos personales no pude asistir a todas las procesiones , sin el como en muchas otras ocasiones ser\u00eda imposible seguir mostrando la cultura de mi ciudad a trav\u00e9s de la web.Gracias <a href=\"http:\/\/mondonedo.net\/\" target=\"_blank\">mondo\u00f1edo.net<\/a><\/p>\n<p><a href=\"http:\/\/galeria.mindonium.es\/thumbnails.php?album=249\" target=\"_blank\">ver galer\u00eda completa <\/a><\/p>\n<p><a href=\"http:\/\/galeria.mindonium.es\/thumbnails.php?album=249\" target=\"_blank\"><img loading=\"lazy\" decoding=\"async\" class=\"aligncenter size-full wp-image-6869\" src=\"http:\/\/aviones.mindonium.es\/portal\/wp-content\/uploads\/2017\/04\/0-10-portada.jpg\" alt=\"\" width=\"400\" height=\"225\" srcset=\"https:\/\/aviones.mindonium.es\/portal\/wp-content\/uploads\/2017\/04\/0-10-portada.jpg 400w, https:\/\/aviones.mindonium.es\/portal\/wp-content\/uploads\/2017\/04\/0-10-portada-300x168.jpg 300w\" sizes=\"(max-width: 400px) 100vw, 400px\" \/><\/a><\/p>\n<p><a href=\"http:\/\/www.mindonium.es\/\">inicio<\/a><\/p>\n","protected":false},"excerpt":{"rendered":"<p>Todas las fotos de la Semana Santa Mindoniense en nuestra galer\u00eda . Tengo que dar la gracias a Manu guerra<\/p>\n","protected":false},"author":1,"featured_media":0,"comment_status":"closed","ping_status":"closed","sticky":false,"template":"","format":"standard","meta":{"colormag_page_container_layout":"default_layout","colormag_page_sidebar_layout":"default_layout","_s2mail":"","footnotes":""},"categories":[17],"tags":[],"_links":{"self":[{"href":"https:\/\/aviones.mindonium.es\/portal\/wp-json\/wp\/v2\/posts\/6868"}],"collection":[{"href":"https:\/\/aviones.mindonium.es\/portal\/wp-json\/wp\/v2\/posts"}],"about":[{"href":"https:\/\/aviones.mindonium.es\/portal\/wp-json\/wp\/v2\/types\/post"}],"author":[{"embeddable":true,"href":"https:\/\/aviones.mindonium.es\/portal\/wp-json\/wp\/v2\/users\/1"}],"replies":[{"embeddable":true,"href":"https:\/\/aviones.mindonium.es\/portal\/wp-json\/wp\/v2\/comments?post=6868"}],"version-history":[{"count":4,"href":"https:\/\/aviones.mindonium.es\/portal\/wp-json\/wp\/v2\/posts\/6868\/revisions"}],"predecessor-version":[{"id":6872,"href":"https:\/\/aviones.mindonium.es\/portal\/wp-json\/wp\/v2\/posts\/6868\/revisions\/6872"}],"wp:attachment":[{"href":"https:\/\/aviones.mindonium.es\/portal\/wp-json\/wp\/v2\/media?parent=6868"}],"wp:term":[{"taxonomy":"category","embeddable":true,"href":"https:\/\/aviones.mindonium.es\/portal\/wp-json\/wp\/v2\/categories?post=6868"},{"taxonomy":"post_tag","embeddable":true,"href":"https:\/\/aviones.mindonium.es\/portal\/wp-json\/wp\/v2\/tags?post=6868"}],"curies":[{"name":"wp","href":"https:\/\/api.w.org\/{rel}","templated":true}]}}