{"id":6862,"date":"2017-04-10T14:00:17","date_gmt":"2017-04-10T14:00:17","guid":{"rendered":"http:\/\/aviones.mindonium.es\/portal\/?p=6862"},"modified":"2018-08-12T18:04:06","modified_gmt":"2018-08-12T18:04:06","slug":"fotografias-procesion-del-ecce-homo","status":"publish","type":"post","link":"https:\/\/aviones.mindonium.es\/portal\/2017\/04\/10\/fotografias-procesion-del-ecce-homo\/","title":{"rendered":"Fotograf\u00edas procesi\u00f3n del Ecce Homo"},"content":{"rendered":"<p>Seguimos con la Semana Santa Mindoniense y seguimos compartiendo con todos las mejores fotos , en este caso a\u00f1adimos a la galer\u00eda nuevas im\u00e1genes de la procesi\u00f3n del Ecce Homo.<\/p>\n<p><a href=\"http:\/\/galeria.mindonium.es\/thumbnails.php?album=249\" target=\"_blank\">ver galer\u00eda <\/a><\/p>\n<p><a href=\"http:\/\/galeria.mindonium.es\/thumbnails.php?album=249\" target=\"_blank\"><img loading=\"lazy\" decoding=\"async\" class=\"aligncenter size-full wp-image-6863\" src=\"http:\/\/aviones.mindonium.es\/portal\/wp-content\/uploads\/2017\/04\/0-4portada.jpg\" alt=\"\" width=\"400\" height=\"225\" srcset=\"https:\/\/aviones.mindonium.es\/portal\/wp-content\/uploads\/2017\/04\/0-4portada.jpg 400w, https:\/\/aviones.mindonium.es\/portal\/wp-content\/uploads\/2017\/04\/0-4portada-300x168.jpg 300w\" sizes=\"(max-width: 400px) 100vw, 400px\" \/><\/a><\/p>\n<p><a href=\"http:\/\/www.mindonium.es\/\">inicio<\/a><\/p>\n","protected":false},"excerpt":{"rendered":"<p>Seguimos con la Semana Santa Mindoniense y seguimos compartiendo con todos las mejores fotos , en este caso a\u00f1adimos a<\/p>\n","protected":false},"author":1,"featured_media":0,"comment_status":"closed","ping_status":"closed","sticky":false,"template":"","format":"standard","meta":{"colormag_page_container_layout":"default_layout","colormag_page_sidebar_layout":"default_layout","_s2mail":"","footnotes":""},"categories":[17],"tags":[],"_links":{"self":[{"href":"https:\/\/aviones.mindonium.es\/portal\/wp-json\/wp\/v2\/posts\/6862"}],"collection":[{"href":"https:\/\/aviones.mindonium.es\/portal\/wp-json\/wp\/v2\/posts"}],"about":[{"href":"https:\/\/aviones.mindonium.es\/portal\/wp-json\/wp\/v2\/types\/post"}],"author":[{"embeddable":true,"href":"https:\/\/aviones.mindonium.es\/portal\/wp-json\/wp\/v2\/users\/1"}],"replies":[{"embeddable":true,"href":"https:\/\/aviones.mindonium.es\/portal\/wp-json\/wp\/v2\/comments?post=6862"}],"version-history":[{"count":2,"href":"https:\/\/aviones.mindonium.es\/portal\/wp-json\/wp\/v2\/posts\/6862\/revisions"}],"predecessor-version":[{"id":6865,"href":"https:\/\/aviones.mindonium.es\/portal\/wp-json\/wp\/v2\/posts\/6862\/revisions\/6865"}],"wp:attachment":[{"href":"https:\/\/aviones.mindonium.es\/portal\/wp-json\/wp\/v2\/media?parent=6862"}],"wp:term":[{"taxonomy":"category","embeddable":true,"href":"https:\/\/aviones.mindonium.es\/portal\/wp-json\/wp\/v2\/categories?post=6862"},{"taxonomy":"post_tag","embeddable":true,"href":"https:\/\/aviones.mindonium.es\/portal\/wp-json\/wp\/v2\/tags?post=6862"}],"curies":[{"name":"wp","href":"https:\/\/api.w.org\/{rel}","templated":true}]}}