{"id":6831,"date":"2017-03-12T22:30:32","date_gmt":"2017-03-12T22:30:32","guid":{"rendered":"http:\/\/aviones.mindonium.es\/portal\/?p=6831"},"modified":"2018-08-12T18:04:06","modified_gmt":"2018-08-12T18:04:06","slug":"fotografias-concentracion-motos-2017","status":"publish","type":"post","link":"https:\/\/aviones.mindonium.es\/portal\/2017\/03\/12\/fotografias-concentracion-motos-2017\/","title":{"rendered":"Fotograf\u00edas concentraci\u00f3n motos 2017"},"content":{"rendered":"<p>Un a\u00f1o mas el club ruta N 634 cumpli\u00f3 con sus objetivos , de traer a Mondo\u00f1edo un evento ya consolidado , llenando la ciudad de moteros , exhibiciones , concursos , fiesta con una de las orquestas mejores de Galicia como la Tekila , con sus ya 27 a\u00f1os de historia , y mejorando a\u00f1o a a\u00f1o en esta concentraci\u00f3n motera como es la invernal de Galicia.<\/p>\n<p><a href=\"http:\/\/galeria.mindonium.es\/thumbnails.php?album=248\" target=\"_blank\"><img loading=\"lazy\" decoding=\"async\" class=\"aligncenter size-full wp-image-6832\" src=\"http:\/\/aviones.mindonium.es\/portal\/wp-content\/uploads\/2017\/03\/0-4portada.jpg\" alt=\"\" width=\"400\" height=\"225\" srcset=\"https:\/\/aviones.mindonium.es\/portal\/wp-content\/uploads\/2017\/03\/0-4portada.jpg 400w, https:\/\/aviones.mindonium.es\/portal\/wp-content\/uploads\/2017\/03\/0-4portada-300x168.jpg 300w\" sizes=\"(max-width: 400px) 100vw, 400px\" \/><\/a><a href=\"http:\/\/galeria.mindonium.es\/thumbnails.php?album=248\" target=\"_blank\">ver fotos<\/a><\/p>\n","protected":false},"excerpt":{"rendered":"<p>Un a\u00f1o mas el club ruta N 634 cumpli\u00f3 con sus objetivos , de traer a Mondo\u00f1edo un evento ya<\/p>\n","protected":false},"author":1,"featured_media":0,"comment_status":"closed","ping_status":"closed","sticky":false,"template":"","format":"standard","meta":{"colormag_page_container_layout":"default_layout","colormag_page_sidebar_layout":"default_layout","_s2mail":"","footnotes":""},"categories":[17],"tags":[],"_links":{"self":[{"href":"https:\/\/aviones.mindonium.es\/portal\/wp-json\/wp\/v2\/posts\/6831"}],"collection":[{"href":"https:\/\/aviones.mindonium.es\/portal\/wp-json\/wp\/v2\/posts"}],"about":[{"href":"https:\/\/aviones.mindonium.es\/portal\/wp-json\/wp\/v2\/types\/post"}],"author":[{"embeddable":true,"href":"https:\/\/aviones.mindonium.es\/portal\/wp-json\/wp\/v2\/users\/1"}],"replies":[{"embeddable":true,"href":"https:\/\/aviones.mindonium.es\/portal\/wp-json\/wp\/v2\/comments?post=6831"}],"version-history":[{"count":2,"href":"https:\/\/aviones.mindonium.es\/portal\/wp-json\/wp\/v2\/posts\/6831\/revisions"}],"predecessor-version":[{"id":6834,"href":"https:\/\/aviones.mindonium.es\/portal\/wp-json\/wp\/v2\/posts\/6831\/revisions\/6834"}],"wp:attachment":[{"href":"https:\/\/aviones.mindonium.es\/portal\/wp-json\/wp\/v2\/media?parent=6831"}],"wp:term":[{"taxonomy":"category","embeddable":true,"href":"https:\/\/aviones.mindonium.es\/portal\/wp-json\/wp\/v2\/categories?post=6831"},{"taxonomy":"post_tag","embeddable":true,"href":"https:\/\/aviones.mindonium.es\/portal\/wp-json\/wp\/v2\/tags?post=6831"}],"curies":[{"name":"wp","href":"https:\/\/api.w.org\/{rel}","templated":true}]}}