{"id":6820,"date":"2017-03-05T21:07:09","date_gmt":"2017-03-05T21:07:09","guid":{"rendered":"http:\/\/aviones.mindonium.es\/portal\/?p=6820"},"modified":"2018-08-12T18:04:06","modified_gmt":"2018-08-12T18:04:06","slug":"fotografias-desfile-de-carnaval-de-mondonedo","status":"publish","type":"post","link":"https:\/\/aviones.mindonium.es\/portal\/2017\/03\/05\/fotografias-desfile-de-carnaval-de-mondonedo\/","title":{"rendered":"Fotograf\u00edas desfile de carnaval de Mondo\u00f1edo"},"content":{"rendered":"<p>Mondo\u00f1edo vivi\u00f3 ayer al d\u00eda grande del carnaval . A las 17.30 las calles de Mondo\u00f1edo se llenaron de colorido con un sin fin de participantes , y un p\u00fablico que un a\u00f1o m\u00e1s no defraudo acudiendo a la ciudad para verla en su mejor esplendor y aplaudiendo a la gran cantidad de disfraces que nos hicieron pasar una jornada inolvidable.<\/p>\n<p><a href=\"http:\/\/aviones.mindonium.es\/portal\/wp-content\/uploads\/2017\/03\/0-5-portada.jpg\"><img loading=\"lazy\" decoding=\"async\" class=\"aligncenter size-full wp-image-6821\" src=\"http:\/\/aviones.mindonium.es\/portal\/wp-content\/uploads\/2017\/03\/0-5-portada.jpg\" alt=\"\" width=\"400\" height=\"225\" srcset=\"https:\/\/aviones.mindonium.es\/portal\/wp-content\/uploads\/2017\/03\/0-5-portada.jpg 400w, https:\/\/aviones.mindonium.es\/portal\/wp-content\/uploads\/2017\/03\/0-5-portada-300x168.jpg 300w\" sizes=\"(max-width: 400px) 100vw, 400px\" \/><\/a><\/p>\n<p><a href=\"http:\/\/galeria.mindonium.es\/thumbnails.php?album=247\" target=\"_blank\">ver galer\u00eda de fotos <\/a><\/p>\n<p><a href=\"http:\/\/www.mindonium.es\/\">volver<\/a><\/p>\n","protected":false},"excerpt":{"rendered":"<p>Mondo\u00f1edo vivi\u00f3 ayer al d\u00eda grande del carnaval . A las 17.30 las calles de Mondo\u00f1edo se llenaron de colorido<\/p>\n","protected":false},"author":1,"featured_media":0,"comment_status":"closed","ping_status":"closed","sticky":false,"template":"","format":"standard","meta":{"colormag_page_container_layout":"default_layout","colormag_page_sidebar_layout":"default_layout","_s2mail":"","footnotes":""},"categories":[17],"tags":[],"_links":{"self":[{"href":"https:\/\/aviones.mindonium.es\/portal\/wp-json\/wp\/v2\/posts\/6820"}],"collection":[{"href":"https:\/\/aviones.mindonium.es\/portal\/wp-json\/wp\/v2\/posts"}],"about":[{"href":"https:\/\/aviones.mindonium.es\/portal\/wp-json\/wp\/v2\/types\/post"}],"author":[{"embeddable":true,"href":"https:\/\/aviones.mindonium.es\/portal\/wp-json\/wp\/v2\/users\/1"}],"replies":[{"embeddable":true,"href":"https:\/\/aviones.mindonium.es\/portal\/wp-json\/wp\/v2\/comments?post=6820"}],"version-history":[{"count":6,"href":"https:\/\/aviones.mindonium.es\/portal\/wp-json\/wp\/v2\/posts\/6820\/revisions"}],"predecessor-version":[{"id":6827,"href":"https:\/\/aviones.mindonium.es\/portal\/wp-json\/wp\/v2\/posts\/6820\/revisions\/6827"}],"wp:attachment":[{"href":"https:\/\/aviones.mindonium.es\/portal\/wp-json\/wp\/v2\/media?parent=6820"}],"wp:term":[{"taxonomy":"category","embeddable":true,"href":"https:\/\/aviones.mindonium.es\/portal\/wp-json\/wp\/v2\/categories?post=6820"},{"taxonomy":"post_tag","embeddable":true,"href":"https:\/\/aviones.mindonium.es\/portal\/wp-json\/wp\/v2\/tags?post=6820"}],"curies":[{"name":"wp","href":"https:\/\/api.w.org\/{rel}","templated":true}]}}