{"id":6805,"date":"2017-01-09T20:07:59","date_gmt":"2017-01-09T20:07:59","guid":{"rendered":"http:\/\/aviones.mindonium.es\/portal\/?p=6805"},"modified":"2018-08-12T18:04:06","modified_gmt":"2018-08-12T18:04:06","slug":"album-gala-benefica-mondonedo-con-la-moda-y-tu","status":"publish","type":"post","link":"https:\/\/aviones.mindonium.es\/portal\/2017\/01\/09\/album-gala-benefica-mondonedo-con-la-moda-y-tu\/","title":{"rendered":"\u00c1lbum : Gala ben\u00e9fica Mondo\u00f1edo , con la moda y t\u00fa"},"content":{"rendered":"<p>Galer\u00eda de fotos de la Gala ben\u00e9fica celebrada en el auditorio de Mondo\u00f1edo este pasado Domingo.<\/p>\n<p><a href=\"http:\/\/galeria.mindonium.es\/thumbnails.php?album=246\" target=\"_blank\">Ver \u00e1lbum <\/a><\/p>\n<p><a href=\"http:\/\/galeria.mindonium.es\/thumbnails.php?album=246\" target=\"_blank\"><img loading=\"lazy\" decoding=\"async\" class=\"aligncenter size-full wp-image-6807\" src=\"http:\/\/aviones.mindonium.es\/portal\/wp-content\/uploads\/2017\/01\/01-69portada.jpg\" alt=\"\" width=\"400\" height=\"225\" srcset=\"https:\/\/aviones.mindonium.es\/portal\/wp-content\/uploads\/2017\/01\/01-69portada.jpg 400w, https:\/\/aviones.mindonium.es\/portal\/wp-content\/uploads\/2017\/01\/01-69portada-300x168.jpg 300w\" sizes=\"(max-width: 400px) 100vw, 400px\" \/><\/a><\/p>\n<p><a href=\"http:\/\/www.mindonium.es\/\">volver<\/a><\/p>\n","protected":false},"excerpt":{"rendered":"<p>Galer\u00eda de fotos de la Gala ben\u00e9fica celebrada en el auditorio de Mondo\u00f1edo este pasado Domingo. Ver \u00e1lbum volver<\/p>\n","protected":false},"author":1,"featured_media":0,"comment_status":"closed","ping_status":"closed","sticky":false,"template":"","format":"standard","meta":{"colormag_page_container_layout":"default_layout","colormag_page_sidebar_layout":"default_layout","_s2mail":"","footnotes":""},"categories":[17],"tags":[],"_links":{"self":[{"href":"https:\/\/aviones.mindonium.es\/portal\/wp-json\/wp\/v2\/posts\/6805"}],"collection":[{"href":"https:\/\/aviones.mindonium.es\/portal\/wp-json\/wp\/v2\/posts"}],"about":[{"href":"https:\/\/aviones.mindonium.es\/portal\/wp-json\/wp\/v2\/types\/post"}],"author":[{"embeddable":true,"href":"https:\/\/aviones.mindonium.es\/portal\/wp-json\/wp\/v2\/users\/1"}],"replies":[{"embeddable":true,"href":"https:\/\/aviones.mindonium.es\/portal\/wp-json\/wp\/v2\/comments?post=6805"}],"version-history":[{"count":4,"href":"https:\/\/aviones.mindonium.es\/portal\/wp-json\/wp\/v2\/posts\/6805\/revisions"}],"predecessor-version":[{"id":6810,"href":"https:\/\/aviones.mindonium.es\/portal\/wp-json\/wp\/v2\/posts\/6805\/revisions\/6810"}],"wp:attachment":[{"href":"https:\/\/aviones.mindonium.es\/portal\/wp-json\/wp\/v2\/media?parent=6805"}],"wp:term":[{"taxonomy":"category","embeddable":true,"href":"https:\/\/aviones.mindonium.es\/portal\/wp-json\/wp\/v2\/categories?post=6805"},{"taxonomy":"post_tag","embeddable":true,"href":"https:\/\/aviones.mindonium.es\/portal\/wp-json\/wp\/v2\/tags?post=6805"}],"curies":[{"name":"wp","href":"https:\/\/api.w.org\/{rel}","templated":true}]}}