{"id":6789,"date":"2017-01-07T14:38:23","date_gmt":"2017-01-07T14:38:23","guid":{"rendered":"http:\/\/aviones.mindonium.es\/portal\/?p=6789"},"modified":"2018-08-12T18:04:06","modified_gmt":"2018-08-12T18:04:06","slug":"gala-benefica-mondonedo-con-la-moda-y-tu","status":"publish","type":"post","link":"https:\/\/aviones.mindonium.es\/portal\/2017\/01\/07\/gala-benefica-mondonedo-con-la-moda-y-tu\/","title":{"rendered":"Gala ben\u00e9fica Mondo\u00f1edo , con la moda y t\u00fa"},"content":{"rendered":"<p>Desfiles de moda de Artesan\u00cda lino y seda Reme Espantoso, Manuel Pampill\u00f3n FashionDesigner, Celsi Lorenzo y Marcos Carrera, show de peluquer\u00eda en directo de \u00d3scar Novo Estilismo, actuaciones de Luc\u00eda P\u00e9rez, Dania Diva en Concierto y Xiara Kamari y el humor de Genma Pardo , todo ello presentado por Luc\u00eda P\u00e9rez, Genma Pardo y Oscar Novo. Hay mejor forma de colaborar en la lucha contra el c\u00e1ncer infantil adem\u00e1s de disfrutar de un entretenido evento repleto de sorpresas? No falt\u00e9is&#8230; hay tanta gente trabajando altruistamente en ello, con tanta fuerza y tantas ganas que ser\u00e1 sin duda un espect\u00e1culo inolvidable que no os deber\u00edais perder. Juntos somos m\u00e1s fuertes!!<\/p>\n<p>Y si no pod\u00e9is asistir recordad que ten\u00e9is la filaZero en la que pod\u00e9is colaborar con vuestros donativos: LaCaixa ES59 2100 3887 0502 0005 0362.<\/p>\n<p>INVITACIONES DISPONBLES<\/p>\n<p>&#8211; Oficina de Turismo<\/p>\n<p>&#8211; Confiter\u00eda La Alianza<\/p>\n<p>&#8211; Pasteler\u00eda Val de Brea<\/p>\n<p>DONATIVO 18\u20ac<\/p>\n<p>El mismo d\u00eda 8 puedes adquirirlas en taquilla del Auditorio desde las 17h.<\/p>\n<p>Tambi\u00e9n puedes reservarlas en el correo contacto@nicocontraelcancerinfantil.es<\/p>\n<p><span style=\"color: #808080;\">Para ver el cartel a tama\u00f1o completo hacer clic en el <\/span><\/p>\n<p><a href=\"http:\/\/aviones.mindonium.es\/portal\/wp-content\/uploads\/2017\/01\/gala_benefica_la_moda_y_tu.jpg\"><\/a><a href=\"http:\/\/aviones.mindonium.es\/portal\/wp-content\/uploads\/2017\/01\/gala_benefica_la_moda_y_tu1.jpg\" target=\"_blank\"><img loading=\"lazy\" decoding=\"async\" class=\"aligncenter size-medium wp-image-6793\" src=\"http:\/\/aviones.mindonium.es\/portal\/wp-content\/uploads\/2017\/01\/gala_benefica_la_moda_y_tu1-240x300.jpg\" alt=\"\" width=\"240\" height=\"300\" srcset=\"https:\/\/aviones.mindonium.es\/portal\/wp-content\/uploads\/2017\/01\/gala_benefica_la_moda_y_tu1-240x300.jpg 240w, https:\/\/aviones.mindonium.es\/portal\/wp-content\/uploads\/2017\/01\/gala_benefica_la_moda_y_tu1-400x500.jpg 400w, https:\/\/aviones.mindonium.es\/portal\/wp-content\/uploads\/2017\/01\/gala_benefica_la_moda_y_tu1-819x1024.jpg 819w, https:\/\/aviones.mindonium.es\/portal\/wp-content\/uploads\/2017\/01\/gala_benefica_la_moda_y_tu1.jpg 1152w\" sizes=\"(max-width: 240px) 100vw, 240px\" \/><\/a><br \/>\n<a href=\"http:\/\/www.mindonium.es\/\">volver<\/a><\/p>\n<p>&nbsp;<\/p>\n","protected":false},"excerpt":{"rendered":"<p>Desfiles de moda de Artesan\u00cda lino y seda Reme Espantoso, Manuel Pampill\u00f3n FashionDesigner, Celsi Lorenzo y Marcos Carrera, show de<\/p>\n","protected":false},"author":1,"featured_media":0,"comment_status":"closed","ping_status":"closed","sticky":false,"template":"","format":"standard","meta":{"colormag_page_container_layout":"default_layout","colormag_page_sidebar_layout":"default_layout","_s2mail":"","footnotes":""},"categories":[17],"tags":[],"_links":{"self":[{"href":"https:\/\/aviones.mindonium.es\/portal\/wp-json\/wp\/v2\/posts\/6789"}],"collection":[{"href":"https:\/\/aviones.mindonium.es\/portal\/wp-json\/wp\/v2\/posts"}],"about":[{"href":"https:\/\/aviones.mindonium.es\/portal\/wp-json\/wp\/v2\/types\/post"}],"author":[{"embeddable":true,"href":"https:\/\/aviones.mindonium.es\/portal\/wp-json\/wp\/v2\/users\/1"}],"replies":[{"embeddable":true,"href":"https:\/\/aviones.mindonium.es\/portal\/wp-json\/wp\/v2\/comments?post=6789"}],"version-history":[{"count":9,"href":"https:\/\/aviones.mindonium.es\/portal\/wp-json\/wp\/v2\/posts\/6789\/revisions"}],"predecessor-version":[{"id":7102,"href":"https:\/\/aviones.mindonium.es\/portal\/wp-json\/wp\/v2\/posts\/6789\/revisions\/7102"}],"wp:attachment":[{"href":"https:\/\/aviones.mindonium.es\/portal\/wp-json\/wp\/v2\/media?parent=6789"}],"wp:term":[{"taxonomy":"category","embeddable":true,"href":"https:\/\/aviones.mindonium.es\/portal\/wp-json\/wp\/v2\/categories?post=6789"},{"taxonomy":"post_tag","embeddable":true,"href":"https:\/\/aviones.mindonium.es\/portal\/wp-json\/wp\/v2\/tags?post=6789"}],"curies":[{"name":"wp","href":"https:\/\/api.w.org\/{rel}","templated":true}]}}