{"id":6780,"date":"2017-01-06T02:08:37","date_gmt":"2017-01-06T02:08:37","guid":{"rendered":"http:\/\/aviones.mindonium.es\/portal\/?p=6780"},"modified":"2018-08-12T18:04:07","modified_gmt":"2018-08-12T18:04:07","slug":"fotografias-reyes-magos-2017","status":"publish","type":"post","link":"https:\/\/aviones.mindonium.es\/portal\/2017\/01\/06\/fotografias-reyes-magos-2017\/","title":{"rendered":"Fotograf\u00edas Reyes Magos 2017"},"content":{"rendered":"<p>Los Reyes Magos de Oriente visitaron a los ni\u00f1os de Mondo\u00f1edo un a\u00f1o m\u00e1s cargados de regalos e ilusi\u00f3n , el recorrido de sus Majestades comenz\u00f3 por la residencia de ancianos y el Hospital de San Pablo para luego dirigirse al auditorio Pascual Veiga , al final de su visita Esmorga eventos deleito a todos los presentes con su espect\u00e1culo &#8221; a biblioteca m\u00e1xica&#8221;<\/p>\n<p><a href=\"http:\/\/galeria.mindonium.es\/thumbnails.php?album=245\" target=\"_blank\">ver galer\u00eda de fotos <\/a><\/p>\n<p><a href=\"http:\/\/galeria.mindonium.es\/thumbnails.php?album=245\" target=\"_blank\"><img loading=\"lazy\" decoding=\"async\" class=\"aligncenter size-full wp-image-6781\" src=\"http:\/\/aviones.mindonium.es\/portal\/wp-content\/uploads\/2017\/01\/1-13portada.jpg\" alt=\"\" width=\"400\" height=\"225\" srcset=\"https:\/\/aviones.mindonium.es\/portal\/wp-content\/uploads\/2017\/01\/1-13portada.jpg 400w, https:\/\/aviones.mindonium.es\/portal\/wp-content\/uploads\/2017\/01\/1-13portada-300x168.jpg 300w\" sizes=\"(max-width: 400px) 100vw, 400px\" \/><\/a><\/p>\n<p><a href=\"http:\/\/www.mindonium.es\/\">volver<\/a><\/p>\n","protected":false},"excerpt":{"rendered":"<p>Los Reyes Magos de Oriente visitaron a los ni\u00f1os de Mondo\u00f1edo un a\u00f1o m\u00e1s cargados de regalos e ilusi\u00f3n ,<\/p>\n","protected":false},"author":1,"featured_media":0,"comment_status":"closed","ping_status":"closed","sticky":false,"template":"","format":"standard","meta":{"colormag_page_container_layout":"default_layout","colormag_page_sidebar_layout":"default_layout","_s2mail":"","footnotes":""},"categories":[17],"tags":[118,116,117,102,119,120,104,101],"_links":{"self":[{"href":"https:\/\/aviones.mindonium.es\/portal\/wp-json\/wp\/v2\/posts\/6780"}],"collection":[{"href":"https:\/\/aviones.mindonium.es\/portal\/wp-json\/wp\/v2\/posts"}],"about":[{"href":"https:\/\/aviones.mindonium.es\/portal\/wp-json\/wp\/v2\/types\/post"}],"author":[{"embeddable":true,"href":"https:\/\/aviones.mindonium.es\/portal\/wp-json\/wp\/v2\/users\/1"}],"replies":[{"embeddable":true,"href":"https:\/\/aviones.mindonium.es\/portal\/wp-json\/wp\/v2\/comments?post=6780"}],"version-history":[{"count":4,"href":"https:\/\/aviones.mindonium.es\/portal\/wp-json\/wp\/v2\/posts\/6780\/revisions"}],"predecessor-version":[{"id":6784,"href":"https:\/\/aviones.mindonium.es\/portal\/wp-json\/wp\/v2\/posts\/6780\/revisions\/6784"}],"wp:attachment":[{"href":"https:\/\/aviones.mindonium.es\/portal\/wp-json\/wp\/v2\/media?parent=6780"}],"wp:term":[{"taxonomy":"category","embeddable":true,"href":"https:\/\/aviones.mindonium.es\/portal\/wp-json\/wp\/v2\/categories?post=6780"},{"taxonomy":"post_tag","embeddable":true,"href":"https:\/\/aviones.mindonium.es\/portal\/wp-json\/wp\/v2\/tags?post=6780"}],"curies":[{"name":"wp","href":"https:\/\/api.w.org\/{rel}","templated":true}]}}