{"id":6581,"date":"2016-10-16T13:32:51","date_gmt":"2016-10-16T13:32:51","guid":{"rendered":"http:\/\/aviones.mindonium.es\/portal\/?p=6581"},"modified":"2018-08-12T18:04:08","modified_gmt":"2018-08-12T18:04:08","slug":"san-lucas-2016","status":"publish","type":"post","link":"https:\/\/aviones.mindonium.es\/portal\/2016\/10\/16\/san-lucas-2016\/","title":{"rendered":"San Lucas 2016"},"content":{"rendered":"<h3>D\u00eda de las San Lucas<\/h3>\n<p>&nbsp;<\/p>\n<p><a href=\"http:\/\/galeria.mindonium.es\/thumbnails.php?album=243\" target=\"_blank\"><img loading=\"lazy\" decoding=\"async\" class=\"aligncenter size-full wp-image-6613\" src=\"http:\/\/aviones.mindonium.es\/portal\/wp-content\/uploads\/2016\/10\/0-12portada.jpg\" alt=\"\" width=\"300\" height=\"169\" \/><\/a><\/p>\n<p><a href=\"http:\/\/galeria.mindonium.es\/thumbnails.php?album=243\" target=\"_blank\">Ver \u00e1lbum<\/a><\/p>\n<h3>Voces da Paula<\/h3>\n<p><a href=\"http:\/\/galeria.mindonium.es\/thumbnails.php?album=242\" target=\"_blank\"><img loading=\"lazy\" decoding=\"async\" class=\"aligncenter size-full wp-image-6611\" src=\"http:\/\/aviones.mindonium.es\/portal\/wp-content\/uploads\/2016\/10\/0-3portada1.jpg\" alt=\"\" width=\"300\" height=\"169\" \/><\/a><\/p>\n<p><a href=\"http:\/\/galeria.mindonium.es\/thumbnails.php?album=242\" target=\"_blank\">Ver \u00e1lbum<\/a><\/p>\n<h3>Orquesta Principal<\/h3>\n<p><a href=\"http:\/\/galeria.mindonium.es\/thumbnails.php?album=241\" target=\"_blank\"><img loading=\"lazy\" decoding=\"async\" class=\"aligncenter size-full wp-image-6610\" src=\"http:\/\/aviones.mindonium.es\/portal\/wp-content\/uploads\/2016\/10\/0-1portada.jpg\" alt=\"\" width=\"300\" height=\"169\" \/><\/a><a href=\"http:\/\/galeria.mindonium.es\/thumbnails.php?album=241\" target=\"_blank\">Ver \u00e1lbum<\/a><\/p>\n<h3>Concierto de Cristina Pato y Susana Seivane en la Catedral de Mondo\u00f1edo<\/h3>\n<p><a href=\"http:\/\/galeria.mindonium.es\/thumbnails.php?album=240\" target=\"_blank\"><img loading=\"lazy\" decoding=\"async\" class=\"aligncenter size-full wp-image-6605\" src=\"http:\/\/aviones.mindonium.es\/portal\/wp-content\/uploads\/2016\/10\/0-3portada.jpg\" alt=\"\" width=\"300\" height=\"169\" \/><\/a><\/p>\n<p><a href=\"http:\/\/galeria.mindonium.es\/thumbnails.php?album=240\" target=\"_blank\">Ver \u00e1lbum <\/a><\/p>\n<p><strong><span style=\"font-size: 1.17em;\">Preg\u00f3n pronunciado por Susana Rodr\u00edguez Gacio y actuaci\u00f3n del coro Mestre Pacheco<\/span><\/strong><\/p>\n<p>La lluvia no hizo mella en la fiesta mas importante de Galicia como son las San Lucas en esta edici\u00f3n de 2016 , el Preg\u00f3n pronunciado por Susana Rodr\u00edguez Gacio y la actuaci\u00f3n del coro Mestre Pacheco de Mondo\u00f1edo fue el punto de partida de estas fiestas.<\/p>\n<p><a href=\"http:\/\/galeria.mindonium.es\/thumbnails.php?album=239\" target=\"_blank\"><img loading=\"lazy\" decoding=\"async\" class=\"aligncenter size-full wp-image-6583\" src=\"http:\/\/aviones.mindonium.es\/portal\/wp-content\/uploads\/2016\/10\/DSC_0147portada.jpg\" alt=\"\" width=\"300\" height=\"201\" \/><\/a><\/p>\n<p><a href=\"http:\/\/galeria.mindonium.es\/thumbnails.php?album=239\" target=\"_blank\">Ver fotos<\/a><\/p>\n<p><a href=\"http:\/\/aviones.mindonium.es\/portal\/?p=6592\">V\u00eddeo de la inauguraci\u00f3n de las San Lucas 2016 <\/a><\/p>\n","protected":false},"excerpt":{"rendered":"<p>D\u00eda de las San Lucas &nbsp; Ver \u00e1lbum Voces da Paula Ver \u00e1lbum Orquesta Principal Ver \u00e1lbum Concierto de Cristina<\/p>\n","protected":false},"author":1,"featured_media":0,"comment_status":"closed","ping_status":"closed","sticky":false,"template":"","format":"standard","meta":{"colormag_page_container_layout":"default_layout","colormag_page_sidebar_layout":"default_layout","_s2mail":"","footnotes":""},"categories":[17],"tags":[],"_links":{"self":[{"href":"https:\/\/aviones.mindonium.es\/portal\/wp-json\/wp\/v2\/posts\/6581"}],"collection":[{"href":"https:\/\/aviones.mindonium.es\/portal\/wp-json\/wp\/v2\/posts"}],"about":[{"href":"https:\/\/aviones.mindonium.es\/portal\/wp-json\/wp\/v2\/types\/post"}],"author":[{"embeddable":true,"href":"https:\/\/aviones.mindonium.es\/portal\/wp-json\/wp\/v2\/users\/1"}],"replies":[{"embeddable":true,"href":"https:\/\/aviones.mindonium.es\/portal\/wp-json\/wp\/v2\/comments?post=6581"}],"version-history":[{"count":13,"href":"https:\/\/aviones.mindonium.es\/portal\/wp-json\/wp\/v2\/posts\/6581\/revisions"}],"predecessor-version":[{"id":7107,"href":"https:\/\/aviones.mindonium.es\/portal\/wp-json\/wp\/v2\/posts\/6581\/revisions\/7107"}],"wp:attachment":[{"href":"https:\/\/aviones.mindonium.es\/portal\/wp-json\/wp\/v2\/media?parent=6581"}],"wp:term":[{"taxonomy":"category","embeddable":true,"href":"https:\/\/aviones.mindonium.es\/portal\/wp-json\/wp\/v2\/categories?post=6581"},{"taxonomy":"post_tag","embeddable":true,"href":"https:\/\/aviones.mindonium.es\/portal\/wp-json\/wp\/v2\/tags?post=6581"}],"curies":[{"name":"wp","href":"https:\/\/api.w.org\/{rel}","templated":true}]}}