{"id":6564,"date":"2016-10-12T21:23:13","date_gmt":"2016-10-12T21:23:13","guid":{"rendered":"http:\/\/aviones.mindonium.es\/portal\/?p=6564"},"modified":"2018-08-12T18:04:08","modified_gmt":"2018-08-12T18:04:08","slug":"a-feira-das-san-lucas-de-mondonedo-celebra-a-sua-860-edicion-cun-programa-que-combina-tradicion-con-novas-incorporacions","status":"publish","type":"post","link":"https:\/\/aviones.mindonium.es\/portal\/2016\/10\/12\/a-feira-das-san-lucas-de-mondonedo-celebra-a-sua-860-edicion-cun-programa-que-combina-tradicion-con-novas-incorporacions\/","title":{"rendered":"A Feira das San Lucas de Mondo\u00f1edo celebra a s\u00faa 860 edici\u00f3n cun programa que combina tradici\u00f3n con novas incorporaci\u00f3ns"},"content":{"rendered":"<p>O presidente da Asociaci\u00f3n Cultural As San Lucas de Mondo\u00f1edo, Miguel Souto, a alcaldesa mindoniense, Elena Candia, e a Deputada de Cultura, Pilar Garc\u00eda Porto, presentaron esta ma\u00f1\u00e1 o programa das Feiras das San Lucas para este ano 2016 na sala de exposici\u00f3ns do organismo provincial. As San Lucas, que se celebran anualmente en Mondo\u00f1edo, ter\u00e1n lugar este ano dende o s\u00e1bado 15 ao s\u00e1bado 22 de outubro, de xeito que recuperan os oito d\u00edas de celebraci\u00f3n tradicionais.<\/p>\n<p>Durante a presentaci\u00f3n, o presidente da asociaci\u00f3n organizadora manifestou a s\u00faa ilusi\u00f3n pola presentaci\u00f3n destas festas. \u201cContar en poucas palabras que son as Feiras das San Lucas non \u00e9 tarefa sinxela. S\u00f3 quero apuntar como dato hist\u00f3rico que naceron en 1156 cando se lle concedeu a Mondo\u00f1edo o t\u00edtulo de cidade; e este nomeamento leva consigo o privilexio de celebrar unha feira de oito d\u00edas que desde ent\u00f3n se fai de xeito ininterrompido\u201d, destacou Souto.<\/p>\n<p>O presidente da Asociaci\u00f3n engadiu que \u201cdende aquela a tradici\u00f3n segue pervivindo no s\u00e9culo XXI. As San Lucas cel\u00e9branse porque todos os visitantes, xunto co pobo e a cidade de Mondo\u00f1edo segue sendo fiel \u00e1 s\u00faa tradici\u00f3n, e todos te\u00f1en gravado na s\u00faa memoria que esta \u00e9 unha feira con mai\u00fasculas\u201d.<\/p>\n<p><strong>Unha festa con historia<\/strong><\/p>\n<p>Pola s\u00faa banda, a alcaldesa mindonienste, sinalou tam\u00e9n que, \u201ceste ano combinamos o car\u00e1cter m\u00e1is tradicional da feira con novas incorporaci\u00f3ns, convertendo a As San Lucas nunha das festas que atraen a todos os p\u00fablicos\u201d. E engadiu que \u201c\u00e9 un feito obxectivo que celebramos As San Lucas porque todos os visitantes e feirantes, xunto aos mindonienses, seguimos sendo fieis \u00e1s nosas tradici\u00f3ns e as\u00ed o transmitimos de xeraci\u00f3n en xeraci\u00f3n\u201d.<\/p>\n<p>Candia recordou unhas verbas do propio escritor mindoniense, \u00c1lvaro Cunqueiro, quen dic\u00eda que: \u201cquizais non haxa en Europa horas mais antigas que as que se poidan pasar en Mondo\u00f1edo nas San Lucas\u201d. \u00a0\u201cInvit\u00e1mosvos a participar delas e co\u00f1ecer a nosa historia, que forma parte da vosa\u201d. As\u00ed, convidou a todos os asistentes a participar da programaci\u00f3n deste que como \u00e9 tradici\u00f3n ten ao gando cabalar como o seu m\u00e1ximo epicentro. \u201cMondo\u00f1edo est\u00e1 de moda e durante As San Lucas \u00e9 un momento ideal para co\u00f1ecer a nosa cidade\u201d.<\/p>\n<p>Candia agradeceu de xeito especial a colaboraci\u00f3n da Deputaci\u00f3n de Lugo na celebraci\u00f3n das San Lucas, un compromiso que personalizou no presidente da instituci\u00f3n. \u201cAgradecer tam\u00e9n a todos os que te\u00f1en contribu\u00eddo con estes 860 anos de festa, feira e lenda viva\u201d, expuxo.<\/p>\n<p>Ambos destacaron o feito de preservar, ano tras ano, o seu aspecto m\u00e1is tradicional, unha tradici\u00f3n que se mant\u00e9n viva no tempo e que ten no gando cabalar o seu gran protagonista. Pretendemos que un ano m\u00e1is, o 18 de outubro Mondo\u00f1edo volva a ser a capital que foi no antigo Reino de Galiza, e queremos que as galegas e galegos, se sintan orgullosos de ter unha das feiras mais antigas de Europa, \u00a0que as desfruten e as sintan s\u00faas. Porque son un dos principais patrimonios inmateriais do noso pa\u00eds.<\/p>\n<p><strong>Programa de As San Lucas 2016<\/strong><\/p>\n<p><strong>S\u00e1bado, 15 de outubro, <\/strong>d\u00eda do Preg\u00f3n, que este ano pronunciar\u00e1 Susana Rodr\u00edguez Gacio, de pais mindonienses, diploma ol\u00edmpico R\u00edo 2016. Todos os d\u00edas haber\u00e1 pola noite actuaci\u00f3ns musicais de orquestras.<\/p>\n<p><strong>Domingo, 16 de outubro. <\/strong>A partir das doce da ma\u00f1\u00e1 celebraranse os concursos morfol\u00f3xicos de cabalos de Pura Raza Galega, ademais haber\u00e1 actividades culturais durante todo o d\u00eda (Premio Mondo\u00f1edo 2016) e concertos pola noite con Susana Seivane e Cristina Pato, nun espazo in\u00e9dito, o interior da Catedral.<\/p>\n<p><strong>Luns, 17 de outubro. <\/strong> O punto \u00e1lxido do d\u00eda comeza \u00e1s seis da tarde, seguindo coa tradici\u00f3n, momento no que chegan os cabalos desde o monte, polas r\u00faas de Mondo\u00f1edo ata a feira. Os gandeiros xuntan aos seus cabalos, que estiveron todo o ano pastando en liberdade nos bosques da comarca, e nunha manada l\u00e9vanos para o campo da feira. Xa pola noite cel\u00e9brase o Festival de M\u00fasica, \u2018Voces da Paula\u2019, unha gala feita polos mindonienses.<\/p>\n<p><strong>Martes, 18 de outubro.<\/strong> D\u00eda Grande, D\u00eda das San Lucas. A partir das oito da ma\u00f1\u00e1, celebrarase a Gran Feira Tradicional de Gando Cabalar no campo da feira. Pola tarde o programa recolle, un Gran Festival Ecuestre a cargo das compa\u00f1\u00edas: Club H\u00edpico Maspalomas de Gran Canaria, Alberto Borjas de Burgos e a Asociaci\u00f3n Pura Raza Cabalo Galego; as\u00ed como exhibici\u00f3ns de Volteo, doma de alta escola, traballo en liberdade, exhibici\u00f3n de trenzado&#8230; As San Lucas tam\u00e9n ter\u00e1n actuaci\u00f3ns de humor da man do monologuista Carlos Branco.<\/p>\n<p><strong>M\u00e9rcores, 19 de outubro.<\/strong> Durante todo o d\u00eda haber\u00e1 actividades culturais as\u00ed como a conferencia do pale\u00f3grafo e profesor da Universidade de Oviedo Miguel Calleja Porta: \u2018Cidade, mercado e feira: ou privilexio de Afonso VII a cidade de Mondo\u00f1edo (1156)\u2019.<\/p>\n<p><strong>Xoves 20 e venres 21 de outubro. <\/strong>Actividades para todos os p\u00fablicos durante o d\u00eda e festa verbena pola noite.<\/p>\n<p><strong>S\u00e1bado 22 de outubro. <\/strong>Espect\u00e1culo-demostraci\u00f3n de tallado art\u00edstico en madeira con motoserras, xogos celtas \u00a0populares e encontro de m\u00fasica e baile tradicional na Praza da Catedral; ademais do concerto no auditorio de Mayor Tom y Still River e pola noite para os m\u00e1is novos con \u00a0Fonsi Nieto, Xriz, DKB, Habana eventos, Vallejo e Marcos Pe\u00f3n.<\/p>\n<p>Por \u00faltimo, <strong>o domingo 23 de outubro,<\/strong> os cabalos volven a ser os protagonistas con concursos de andadura e de cabalos trot\u00f3ns. Unha sesi\u00f3n de fogos artificiais pechar\u00e1 a 860 edici\u00f3n das feiras m\u00e1is antigas de Galicia e unha das que conta con m\u00e1is tradici\u00f3n de toda Europa.<\/p>\n<p><strong>Carteles das San Lucas 2016<\/strong><\/p>\n<p><strong><a href=\"http:\/\/aviones.mindonium.es\/portal\/wp-content\/uploads\/2016\/10\/IMG-20160929-WA0005.jpg\" target=\"_blank\"><img loading=\"lazy\" decoding=\"async\" class=\"aligncenter size-medium wp-image-6568\" src=\"http:\/\/aviones.mindonium.es\/portal\/wp-content\/uploads\/2016\/10\/IMG-20160929-WA0005-225x300.jpg\" alt=\"\" width=\"225\" height=\"300\" srcset=\"https:\/\/aviones.mindonium.es\/portal\/wp-content\/uploads\/2016\/10\/IMG-20160929-WA0005-225x300.jpg 225w, https:\/\/aviones.mindonium.es\/portal\/wp-content\/uploads\/2016\/10\/IMG-20160929-WA0005-400x533.jpg 400w, https:\/\/aviones.mindonium.es\/portal\/wp-content\/uploads\/2016\/10\/IMG-20160929-WA0005.jpg 750w\" sizes=\"(max-width: 225px) 100vw, 225px\" \/><\/a><\/strong><\/p>\n<p><strong><a href=\"http:\/\/aviones.mindonium.es\/portal\/wp-content\/uploads\/2016\/10\/IMG-20160929-WA0006.jpg\" target=\"_blank\"><img loading=\"lazy\" decoding=\"async\" class=\"aligncenter size-medium wp-image-6569\" src=\"http:\/\/aviones.mindonium.es\/portal\/wp-content\/uploads\/2016\/10\/IMG-20160929-WA0006-168x300.jpg\" alt=\"\" width=\"168\" height=\"300\" srcset=\"https:\/\/aviones.mindonium.es\/portal\/wp-content\/uploads\/2016\/10\/IMG-20160929-WA0006-168x300.jpg 168w, https:\/\/aviones.mindonium.es\/portal\/wp-content\/uploads\/2016\/10\/IMG-20160929-WA0006-400x712.jpg 400w, https:\/\/aviones.mindonium.es\/portal\/wp-content\/uploads\/2016\/10\/IMG-20160929-WA0006.jpg 562w\" sizes=\"(max-width: 168px) 100vw, 168px\" \/><\/a><\/strong><\/p>\n<p><strong><a href=\"http:\/\/aviones.mindonium.es\/portal\/wp-content\/uploads\/2016\/10\/IMG-20160929-WA0007.jpg\" target=\"_blank\"><img loading=\"lazy\" decoding=\"async\" class=\"aligncenter size-medium wp-image-6570\" src=\"http:\/\/aviones.mindonium.es\/portal\/wp-content\/uploads\/2016\/10\/IMG-20160929-WA0007-300x116.jpg\" alt=\"\" width=\"300\" height=\"116\" srcset=\"https:\/\/aviones.mindonium.es\/portal\/wp-content\/uploads\/2016\/10\/IMG-20160929-WA0007-300x116.jpg 300w, https:\/\/aviones.mindonium.es\/portal\/wp-content\/uploads\/2016\/10\/IMG-20160929-WA0007-400x156.jpg 400w, https:\/\/aviones.mindonium.es\/portal\/wp-content\/uploads\/2016\/10\/IMG-20160929-WA0007.jpg 1000w\" sizes=\"(max-width: 300px) 100vw, 300px\" \/><\/a><\/strong><\/p>\n<p><strong><a href=\"http:\/\/aviones.mindonium.es\/portal\/wp-content\/uploads\/2016\/10\/IMG-20160929-WA0008.jpg\" target=\"_blank\"><img loading=\"lazy\" decoding=\"async\" class=\"aligncenter size-medium wp-image-6571\" src=\"http:\/\/aviones.mindonium.es\/portal\/wp-content\/uploads\/2016\/10\/IMG-20160929-WA0008-210x300.jpg\" alt=\"\" width=\"210\" height=\"300\" srcset=\"https:\/\/aviones.mindonium.es\/portal\/wp-content\/uploads\/2016\/10\/IMG-20160929-WA0008-210x300.jpg 210w, https:\/\/aviones.mindonium.es\/portal\/wp-content\/uploads\/2016\/10\/IMG-20160929-WA0008-400x571.jpg 400w, https:\/\/aviones.mindonium.es\/portal\/wp-content\/uploads\/2016\/10\/IMG-20160929-WA0008.jpg 700w\" sizes=\"(max-width: 210px) 100vw, 210px\" \/><\/a><\/strong><\/p>\n<p><strong><a href=\"http:\/\/aviones.mindonium.es\/portal\/wp-content\/uploads\/2016\/10\/IMG-20161005-WA0005.jpg\" target=\"_blank\"><img loading=\"lazy\" decoding=\"async\" class=\"aligncenter size-medium wp-image-6572\" src=\"http:\/\/aviones.mindonium.es\/portal\/wp-content\/uploads\/2016\/10\/IMG-20161005-WA0005-300x211.jpg\" alt=\"\" width=\"300\" height=\"211\" srcset=\"https:\/\/aviones.mindonium.es\/portal\/wp-content\/uploads\/2016\/10\/IMG-20161005-WA0005-300x211.jpg 300w, https:\/\/aviones.mindonium.es\/portal\/wp-content\/uploads\/2016\/10\/IMG-20161005-WA0005-400x282.jpg 400w, https:\/\/aviones.mindonium.es\/portal\/wp-content\/uploads\/2016\/10\/IMG-20161005-WA0005.jpg 1000w\" sizes=\"(max-width: 300px) 100vw, 300px\" \/><\/a><\/strong><\/p>\n<p><strong><a href=\"http:\/\/aviones.mindonium.es\/portal\/wp-content\/uploads\/2016\/10\/IMG-20161005-WA0006.jpg\" target=\"_blank\"><img loading=\"lazy\" decoding=\"async\" class=\"aligncenter size-medium wp-image-6573\" src=\"http:\/\/aviones.mindonium.es\/portal\/wp-content\/uploads\/2016\/10\/IMG-20161005-WA0006-300x211.jpg\" alt=\"\" width=\"300\" height=\"211\" srcset=\"https:\/\/aviones.mindonium.es\/portal\/wp-content\/uploads\/2016\/10\/IMG-20161005-WA0006-300x211.jpg 300w, https:\/\/aviones.mindonium.es\/portal\/wp-content\/uploads\/2016\/10\/IMG-20161005-WA0006-400x282.jpg 400w, https:\/\/aviones.mindonium.es\/portal\/wp-content\/uploads\/2016\/10\/IMG-20161005-WA0006.jpg 1000w\" sizes=\"(max-width: 300px) 100vw, 300px\" \/><\/a><\/strong><\/p>\n<p><a href=\"http:\/\/www.mindonium.es\/\">volver<\/a><\/p>\n","protected":false},"excerpt":{"rendered":"<p>O presidente da Asociaci\u00f3n Cultural As San Lucas de Mondo\u00f1edo, Miguel Souto, a alcaldesa mindoniense, Elena Candia, e a Deputada<\/p>\n","protected":false},"author":1,"featured_media":0,"comment_status":"closed","ping_status":"closed","sticky":false,"template":"","format":"standard","meta":{"colormag_page_container_layout":"default_layout","colormag_page_sidebar_layout":"default_layout","_s2mail":"","footnotes":""},"categories":[17],"tags":[],"_links":{"self":[{"href":"https:\/\/aviones.mindonium.es\/portal\/wp-json\/wp\/v2\/posts\/6564"}],"collection":[{"href":"https:\/\/aviones.mindonium.es\/portal\/wp-json\/wp\/v2\/posts"}],"about":[{"href":"https:\/\/aviones.mindonium.es\/portal\/wp-json\/wp\/v2\/types\/post"}],"author":[{"embeddable":true,"href":"https:\/\/aviones.mindonium.es\/portal\/wp-json\/wp\/v2\/users\/1"}],"replies":[{"embeddable":true,"href":"https:\/\/aviones.mindonium.es\/portal\/wp-json\/wp\/v2\/comments?post=6564"}],"version-history":[{"count":7,"href":"https:\/\/aviones.mindonium.es\/portal\/wp-json\/wp\/v2\/posts\/6564\/revisions"}],"predecessor-version":[{"id":6577,"href":"https:\/\/aviones.mindonium.es\/portal\/wp-json\/wp\/v2\/posts\/6564\/revisions\/6577"}],"wp:attachment":[{"href":"https:\/\/aviones.mindonium.es\/portal\/wp-json\/wp\/v2\/media?parent=6564"}],"wp:term":[{"taxonomy":"category","embeddable":true,"href":"https:\/\/aviones.mindonium.es\/portal\/wp-json\/wp\/v2\/categories?post=6564"},{"taxonomy":"post_tag","embeddable":true,"href":"https:\/\/aviones.mindonium.es\/portal\/wp-json\/wp\/v2\/tags?post=6564"}],"curies":[{"name":"wp","href":"https:\/\/api.w.org\/{rel}","templated":true}]}}