{"id":6464,"date":"2016-03-20T09:58:06","date_gmt":"2016-03-20T09:58:06","guid":{"rendered":"http:\/\/aviones.mindonium.es\/portal\/?p=6464"},"modified":"2018-08-12T18:04:09","modified_gmt":"2018-08-12T18:04:09","slug":"semana-santa-2016","status":"publish","type":"post","link":"https:\/\/aviones.mindonium.es\/portal\/2016\/03\/20\/semana-santa-2016\/","title":{"rendered":"Semana Santa 2016"},"content":{"rendered":"<p>Esta a piques de comenzar a Semana Santa Mindoniense con un Domingo de Ramos bastante pasado por auga , deixamos aqu\u00ed o programa dos actos\u00a0lit\u00farxicos e intentaremos recoller as millores im\u00e1xes pra seguir mostrando pouco a pouco o vivir \u00e9 o sentir de Mondo\u00f1edo.<\/p>\n<div><strong><span style=\"text-decoration: underline;\">Programa<\/span><\/strong><\/div>\n<div>A Venerable Orde Terceira presentou o programa que comezar\u00e1 o s\u00e1bado 19 de marzo, coa lectura do preg\u00f3n, \u00e1s 21:00 horas, na Casa da Xuventude e que pronunciar\u00e1 o M. Il. Sr. D. Jos\u00e9 Mar\u00eda D\u00edaz Fern\u00e1ndez, de\u00e1n em\u00e9rito da Catedral de Santiago. Celebrarase ademais un concerto do Orfe\u00f3n Mestre Pacheco.<\/div>\n<div>En canto aos actos lit\u00farxicos:<\/div>\n<div>O Domingo de Ramos, \u00e1s 11:30 horas iniciarase a procesi\u00f3n na Igrexa de Santiago ata a Catedral, onde se celebrar\u00e1 a Misa da Pasi\u00f3n do Se\u00f1or e a Bendici\u00f3n de Ramos. As 19:30 \u00e9 a Procesi\u00f3n do Ecce Homo, \u00a0que sae da Igrexa da Venerable Orde Terceira, coa participaci\u00f3n de imaxes portadas por nenos que saen do Convento da Inmaculada Concepci\u00f3n.<\/div>\n<div>O Martes Santo, a Misa Crismal (D\u00eda do Sacerdocio e da bendici\u00f3n dos Santos \u00d3leos), ser\u00e1 \u00e1s 12:00 horas, na Catedral, e presidida polo Excmo. Sr. D. Alfonso Carrasco Rouco, Obispo de Lugo.<\/div>\n<div>O M\u00e9rcores Santo, \u00e1s 19:00 horas, celebrase o Via Crucis cara o Mosteiro dos Picos.<\/div>\n<div>O Xoves Santo, \u00e1s 17:00 horas, misa da Cena do Se\u00f1or na Catedral, e \u00e1s 21:00 horas, \u00e9 a Procesi\u00f3n do Prendimiento. Os pasos desta procesi\u00f3n saen da Igrexa dos Mu\u00ed\u00f1os ata a Igrexa da Orde Terceira. \u00a0\u00c1s 23:00 horas \u00e9 o acto de Adoraci\u00f3n Eucar\u00edstica.<\/div>\n<div>O Venres Santo, \u00e1s 10:30 horas, \u00e9 a procesi\u00f3n do Santo Encontro, que sae da Igrexa da Orde Terceira e cel\u00e9brase na zona da Fonte Vella, con tallas do s\u00e9culo XVII e XVIII. \u00c1s 12:00 horas, Via Crucis no claustro da Catedral. As 17:00 horas, misa da Celebraci\u00f3n da Pasi\u00f3n do Se\u00f1or, presidida por D. Antonio Rodr\u00edguez Basanta, Administrador Diocesano. \u00c1s 18:00 horas, celebrase a Procesi\u00f3n do Santo Enterro, procesi\u00f3n dos homes, que sae da Catedral, e na que participan a urna co Cristo Yacente ou a Cruz do S. XII, mentres que \u00e1s 21:00 horas, \u00e9 a Procesi\u00f3n da Soedade, que tam\u00e9n sae da Catedral, na que soamente participan mulleres, e durante a cal se pode escoitar o Plorans do Mestre Pacheco, que soamente se pode executar en Mondo\u00f1edo e na Capela Real de Madrid.<\/div>\n<div>O S\u00e1bado Santo, \u00e1s 23:00 horas, \u00e9 a Vixilia Pascual coa bendici\u00f3n do fogo e procesi\u00f3n co Cirio Pascual na Catedral, ademais do canto do Preg\u00f3n Pascual, \u00a0Bendici\u00f3n da Auga e celebraci\u00f3n da Eucarist\u00eda.<\/div>\n<div>O Domingo de Pascua, \u00e1s 12:00 horas, \u00e9 a misa de Resurrecci\u00f3n na Catedral.<\/div>\n<div><\/div>\n<div><a href=\"http:\/\/www.mindonium.es\/\">Volver<\/a><\/div>\n","protected":false},"excerpt":{"rendered":"<p>Esta a piques de comenzar a Semana Santa Mindoniense con un Domingo de Ramos bastante pasado por auga , deixamos<\/p>\n","protected":false},"author":1,"featured_media":0,"comment_status":"closed","ping_status":"closed","sticky":false,"template":"","format":"standard","meta":{"colormag_page_container_layout":"default_layout","colormag_page_sidebar_layout":"default_layout","_s2mail":"","footnotes":""},"categories":[17],"tags":[],"_links":{"self":[{"href":"https:\/\/aviones.mindonium.es\/portal\/wp-json\/wp\/v2\/posts\/6464"}],"collection":[{"href":"https:\/\/aviones.mindonium.es\/portal\/wp-json\/wp\/v2\/posts"}],"about":[{"href":"https:\/\/aviones.mindonium.es\/portal\/wp-json\/wp\/v2\/types\/post"}],"author":[{"embeddable":true,"href":"https:\/\/aviones.mindonium.es\/portal\/wp-json\/wp\/v2\/users\/1"}],"replies":[{"embeddable":true,"href":"https:\/\/aviones.mindonium.es\/portal\/wp-json\/wp\/v2\/comments?post=6464"}],"version-history":[{"count":3,"href":"https:\/\/aviones.mindonium.es\/portal\/wp-json\/wp\/v2\/posts\/6464\/revisions"}],"predecessor-version":[{"id":6467,"href":"https:\/\/aviones.mindonium.es\/portal\/wp-json\/wp\/v2\/posts\/6464\/revisions\/6467"}],"wp:attachment":[{"href":"https:\/\/aviones.mindonium.es\/portal\/wp-json\/wp\/v2\/media?parent=6464"}],"wp:term":[{"taxonomy":"category","embeddable":true,"href":"https:\/\/aviones.mindonium.es\/portal\/wp-json\/wp\/v2\/categories?post=6464"},{"taxonomy":"post_tag","embeddable":true,"href":"https:\/\/aviones.mindonium.es\/portal\/wp-json\/wp\/v2\/tags?post=6464"}],"curies":[{"name":"wp","href":"https:\/\/api.w.org\/{rel}","templated":true}]}}