{"id":6446,"date":"2016-03-10T22:42:20","date_gmt":"2016-03-10T22:42:20","guid":{"rendered":"http:\/\/aviones.mindonium.es\/portal\/?p=6446"},"modified":"2018-08-12T18:04:09","modified_gmt":"2018-08-12T18:04:09","slug":"o-concello-seguira-vixiante-para-que-a-empresa-de-subministro-electrico-cumpra-con-todos-os-afectados-e-a-situacion-non-se-repita-de-novo","status":"publish","type":"post","link":"https:\/\/aviones.mindonium.es\/portal\/2016\/03\/10\/o-concello-seguira-vixiante-para-que-a-empresa-de-subministro-electrico-cumpra-con-todos-os-afectados-e-a-situacion-non-se-repita-de-novo\/","title":{"rendered":"O Concello seguir\u00e1 vixiante para que a empresa de subministro el\u00e9ctrico cumpra con todos os afectados e a situaci\u00f3n non se repita de novo"},"content":{"rendered":"<p>O Concello de Mondo\u00f1edo agradece a resposta positiva da empresa Begasa ante as reclamaci\u00f3ns presentadas \u00e1 ra\u00edz da avar\u00eda el\u00e9ctrica sufrida durante as Feiras das San Lucas, a\u00ednda que engade que seguir\u00e1 vixiante para que Begasa cumpra con \u201ctodos e cada un dos afectados\u201d e a situaci\u00f3n non se volva a repetir de novo.<\/p>\n<p>A cidade de Mondo\u00f1edo viuse afectada o pasado 18 de outubro por unha avar\u00eda no subministro el\u00e9ctrico coincidindo coa celebraci\u00f3n das Feiras e Festas das San Lucas. A tardanza no restablecemento do servizo provocou importantes perdas econ\u00f3micas o que levou ao Goberno local a liderar a presentaci\u00f3n dunha reclamaci\u00f3n contra a empresa subministradora, ademais de colaborar con veci\u00f1os e afectados que decidisen presentar a s\u00faa propia queixa.<\/p>\n<p>A alcaldesa de Mondo\u00f1edo informa que a empresa de distribuci\u00f3n el\u00e9ctrica enviou unha carta \u00e1s persoas que presentaron reclamaci\u00f3ns debido as anomal\u00edas no subministro el\u00e9ctrico e tras as an\u00e1lises pertinentes, Begasa respondeu de forma positiva a todas as demandas, polo que os afectados recibir\u00e1n a compensaci\u00f3n solicitada.<\/p>\n<p>\u201cCurs\u00e1ronse as reclamaci\u00f3ns e agora est\u00e1n empezando a chegar as liquidaci\u00f3ns\u201d, indica a alcaldesa, ademais \u201cacadamos o compromiso de que Begasa po\u00f1a os medios para que esta circunstancia non se volva a dar\u201d.<\/p>\n<p><a href=\"http:\/\/www.mindonium.es\/\">volver<\/a><\/p>\n<p>&nbsp;<\/p>\n","protected":false},"excerpt":{"rendered":"<p>O Concello de Mondo\u00f1edo agradece a resposta positiva da empresa Begasa ante as reclamaci\u00f3ns presentadas \u00e1 ra\u00edz da avar\u00eda el\u00e9ctrica<\/p>\n","protected":false},"author":1,"featured_media":0,"comment_status":"closed","ping_status":"closed","sticky":false,"template":"","format":"standard","meta":{"colormag_page_container_layout":"default_layout","colormag_page_sidebar_layout":"default_layout","_s2mail":"","footnotes":""},"categories":[17],"tags":[],"_links":{"self":[{"href":"https:\/\/aviones.mindonium.es\/portal\/wp-json\/wp\/v2\/posts\/6446"}],"collection":[{"href":"https:\/\/aviones.mindonium.es\/portal\/wp-json\/wp\/v2\/posts"}],"about":[{"href":"https:\/\/aviones.mindonium.es\/portal\/wp-json\/wp\/v2\/types\/post"}],"author":[{"embeddable":true,"href":"https:\/\/aviones.mindonium.es\/portal\/wp-json\/wp\/v2\/users\/1"}],"replies":[{"embeddable":true,"href":"https:\/\/aviones.mindonium.es\/portal\/wp-json\/wp\/v2\/comments?post=6446"}],"version-history":[{"count":2,"href":"https:\/\/aviones.mindonium.es\/portal\/wp-json\/wp\/v2\/posts\/6446\/revisions"}],"predecessor-version":[{"id":6448,"href":"https:\/\/aviones.mindonium.es\/portal\/wp-json\/wp\/v2\/posts\/6446\/revisions\/6448"}],"wp:attachment":[{"href":"https:\/\/aviones.mindonium.es\/portal\/wp-json\/wp\/v2\/media?parent=6446"}],"wp:term":[{"taxonomy":"category","embeddable":true,"href":"https:\/\/aviones.mindonium.es\/portal\/wp-json\/wp\/v2\/categories?post=6446"},{"taxonomy":"post_tag","embeddable":true,"href":"https:\/\/aviones.mindonium.es\/portal\/wp-json\/wp\/v2\/tags?post=6446"}],"curies":[{"name":"wp","href":"https:\/\/api.w.org\/{rel}","templated":true}]}}