{"id":6438,"date":"2016-03-09T13:08:29","date_gmt":"2016-03-09T13:08:29","guid":{"rendered":"http:\/\/aviones.mindonium.es\/portal\/?p=6438"},"modified":"2018-08-12T18:04:09","modified_gmt":"2018-08-12T18:04:09","slug":"videos-concentracion-de-motos-2016-mondonedo","status":"publish","type":"post","link":"https:\/\/aviones.mindonium.es\/portal\/2016\/03\/09\/videos-concentracion-de-motos-2016-mondonedo\/","title":{"rendered":"V\u00eddeos concentraci\u00f3n de motos 2016 , Mondo\u00f1edo"},"content":{"rendered":"<p>Aunque el mal tiempo no ayudo mucho , no pudo con la \u00a0ya consolidada concentraci\u00f3n de motos como es la invernal de Galicia en su ya XXVII edici\u00f3n.<\/p>\n<p>Aqui abajo os dejamos dos v\u00eddeos resumen de los momentos mas importantes del evento.<\/p>\n<p><iframe loading=\"lazy\" width=\"500\" height=\"385\" src=\"https:\/\/www.youtube.com\/embed\/0qrudEl8OWE\" frameborder=\"0\" allowfullscreen><\/iframe><\/p>\n<p><iframe loading=\"lazy\" width=\"500\" height=\"385\" src=\"https:\/\/www.youtube.com\/embed\/mcpk6xL9has\" frameborder=\"0\" allowfullscreen><\/iframe><\/p>\n<p><a href=\"http:\/\/www.mindonium.es\/\">volver<\/a><\/p>\n","protected":false},"excerpt":{"rendered":"<p>Aunque el mal tiempo no ayudo mucho , no pudo con la \u00a0ya consolidada concentraci\u00f3n de motos como es la<\/p>\n","protected":false},"author":1,"featured_media":0,"comment_status":"closed","ping_status":"closed","sticky":false,"template":"","format":"standard","meta":{"colormag_page_container_layout":"default_layout","colormag_page_sidebar_layout":"default_layout","_s2mail":"","footnotes":""},"categories":[17,18],"tags":[],"_links":{"self":[{"href":"https:\/\/aviones.mindonium.es\/portal\/wp-json\/wp\/v2\/posts\/6438"}],"collection":[{"href":"https:\/\/aviones.mindonium.es\/portal\/wp-json\/wp\/v2\/posts"}],"about":[{"href":"https:\/\/aviones.mindonium.es\/portal\/wp-json\/wp\/v2\/types\/post"}],"author":[{"embeddable":true,"href":"https:\/\/aviones.mindonium.es\/portal\/wp-json\/wp\/v2\/users\/1"}],"replies":[{"embeddable":true,"href":"https:\/\/aviones.mindonium.es\/portal\/wp-json\/wp\/v2\/comments?post=6438"}],"version-history":[{"count":7,"href":"https:\/\/aviones.mindonium.es\/portal\/wp-json\/wp\/v2\/posts\/6438\/revisions"}],"predecessor-version":[{"id":7109,"href":"https:\/\/aviones.mindonium.es\/portal\/wp-json\/wp\/v2\/posts\/6438\/revisions\/7109"}],"wp:attachment":[{"href":"https:\/\/aviones.mindonium.es\/portal\/wp-json\/wp\/v2\/media?parent=6438"}],"wp:term":[{"taxonomy":"category","embeddable":true,"href":"https:\/\/aviones.mindonium.es\/portal\/wp-json\/wp\/v2\/categories?post=6438"},{"taxonomy":"post_tag","embeddable":true,"href":"https:\/\/aviones.mindonium.es\/portal\/wp-json\/wp\/v2\/tags?post=6438"}],"curies":[{"name":"wp","href":"https:\/\/api.w.org\/{rel}","templated":true}]}}