{"id":6427,"date":"2016-03-04T15:01:09","date_gmt":"2016-03-04T15:01:09","guid":{"rendered":"http:\/\/aviones.mindonium.es\/portal\/?p=6427"},"modified":"2018-08-12T18:04:09","modified_gmt":"2018-08-12T18:04:09","slug":"xxvii-concentracion-motera-de-mondonedo","status":"publish","type":"post","link":"https:\/\/aviones.mindonium.es\/portal\/2016\/03\/04\/xxvii-concentracion-motera-de-mondonedo\/","title":{"rendered":"XXVII concentraci\u00f3n motera de Mondo\u00f1edo"},"content":{"rendered":"<p>Este fin de semana Mondo\u00f1edo vuelve a reunirse con los amantes de las dos ruedas en un evento ya consolidado como una de las concentraciones moteras mas importantes de galicia.<\/p>\n<p>Este a\u00f1o el grupo TEKILA se encargara de poner la m\u00fasica ademas circuito de minimotos , actuaci\u00f3n a cargo de NARCIS ROCA y mucho m\u00e1s en un evento en el que el \u00e9xito ya est\u00e1 asegurado.<\/p>\n<p>Informamos de los siguientes cambios:<\/p>\n<p>actuaci\u00f3n a cargo de Narcis Roca en vez de Pols stunt.<\/p>\n<p>los tickes de las minimotos se coger\u00e1n en el propio circuito.<\/p>\n<p><strong>PROGRAMA :<\/strong><\/p>\n<p><strong>VIERNES, 04 MARZO<\/strong><\/p>\n<p>20:00: APERTURA DE inscripciones , con pinchos para los inscritos ( tortilla, empanadas, jam\u00f3n ib\u00e9rico\u2026 ) y buena m\u00fasica.<\/p>\n<p>22:00: CIERRE DE INSCRIPCI\u00d3N.<\/p>\n<p><strong>S\u00c1BADO, 05 DE MARZO<\/strong><\/p>\n<p>12:00: APERTURA DE INSCRIPCI\u00d3N.<\/p>\n<p>16:00 \u2013 20:00 Mini circuito de Minimotos en la Plaza del Seminario.<\/p>\n<p>17:00: EXHIBICI\u00d3N acrob\u00e1tica , a cargo de Narcis Roca, Avenida de Buenos Aires.<\/p>\n<p>18:30 \u2013 19:30 Contrareloj en circuito de minimotos , con pr\u00e9mio de un casco para el ganador, cedido por Motor Bike Lugo.<\/p>\n<p>19:00 : Entrega de premios del concurso de dibujo en la Plaza de la Catedral.<\/p>\n<p>20:00: Desfile con antorchas de los participantes, por las calles de Mondo\u00f1edo en la memoria de los compa\u00f1eros ca\u00eddos en el camino.<\/p>\n<p>21:15: Cena en el Polideportivo Municipal Vi\u00f1as da Veiga ( cierre de puertas a las 21:40 para una mayor organizaci\u00f3n )<\/p>\n<p>23:30 Comienzo de fiesta verbena , amenizada por el Grupo TEKILA. Durante el resto de la misma se llevar\u00e1 a cabo los premios y trofeos.<br \/>\n* Piloto m\u00e1s veterano<br \/>\n* Piloto m\u00e1s joven<br \/>\n* Piloto de mas lejos<br \/>\n*La piloto m\u00e1s veterana<br \/>\n* La piloto m\u00e1s lejana<br \/>\n* La piloto m\u00e1s joven<br \/>\n* El grupo m\u00e1s numeroso Gallego<br \/>\n* El grupo m\u00e1s numeroso no Gallego<\/p>\n<p><strong>DOMINGO , 6 DE MARZO<\/strong><\/p>\n<p>10:00 am: Desayuno para los participantes registrados.<\/p>\n<p>11:00: ruta tur\u00edstica por la ciudad vecina de Villalba. Contorno preciso combinado de la ruta, horario, etc \u2026.,<\/p>\n<p>El regreso de la ruta estimada se hace en 13:30.<br \/>\n14:00: Almuerzo de despedida en el Polideportivo Municipal Vi\u00f1as da Veiga. ( cierre de puertas a las 14:30 para una mejor organizaci\u00f3n)<\/p>\n<p><a href=\"http:\/\/aviones.mindonium.es\/portal\/wp-content\/uploads\/2016\/03\/cartel_concentracion.jpg\" target=\"_blank\"><img loading=\"lazy\" decoding=\"async\" class=\"aligncenter size-medium wp-image-6430\" src=\"http:\/\/aviones.mindonium.es\/portal\/wp-content\/uploads\/2016\/03\/cartel_concentracion-193x300.jpg\" alt=\"\" width=\"193\" height=\"300\" srcset=\"https:\/\/aviones.mindonium.es\/portal\/wp-content\/uploads\/2016\/03\/cartel_concentracion-193x300.jpg 193w, https:\/\/aviones.mindonium.es\/portal\/wp-content\/uploads\/2016\/03\/cartel_concentracion-400x619.jpg 400w, https:\/\/aviones.mindonium.es\/portal\/wp-content\/uploads\/2016\/03\/cartel_concentracion.jpg 620w\" sizes=\"(max-width: 193px) 100vw, 193px\" \/><\/a><\/p>\n<p><a href=\"http:\/\/www.mindonium.es\/\">Volver<\/a><\/p>\n<p>&nbsp;<\/p>\n<p>&nbsp;<\/p>\n<p><strong><br \/>\n<\/strong><\/p>\n<p><strong><br \/>\n<\/strong><\/p>\n","protected":false},"excerpt":{"rendered":"<p>Este fin de semana Mondo\u00f1edo vuelve a reunirse con los amantes de las dos ruedas en un evento ya consolidado<\/p>\n","protected":false},"author":1,"featured_media":0,"comment_status":"closed","ping_status":"closed","sticky":false,"template":"","format":"standard","meta":{"colormag_page_container_layout":"default_layout","colormag_page_sidebar_layout":"default_layout","_s2mail":"","footnotes":""},"categories":[17],"tags":[],"_links":{"self":[{"href":"https:\/\/aviones.mindonium.es\/portal\/wp-json\/wp\/v2\/posts\/6427"}],"collection":[{"href":"https:\/\/aviones.mindonium.es\/portal\/wp-json\/wp\/v2\/posts"}],"about":[{"href":"https:\/\/aviones.mindonium.es\/portal\/wp-json\/wp\/v2\/types\/post"}],"author":[{"embeddable":true,"href":"https:\/\/aviones.mindonium.es\/portal\/wp-json\/wp\/v2\/users\/1"}],"replies":[{"embeddable":true,"href":"https:\/\/aviones.mindonium.es\/portal\/wp-json\/wp\/v2\/comments?post=6427"}],"version-history":[{"count":6,"href":"https:\/\/aviones.mindonium.es\/portal\/wp-json\/wp\/v2\/posts\/6427\/revisions"}],"predecessor-version":[{"id":6434,"href":"https:\/\/aviones.mindonium.es\/portal\/wp-json\/wp\/v2\/posts\/6427\/revisions\/6434"}],"wp:attachment":[{"href":"https:\/\/aviones.mindonium.es\/portal\/wp-json\/wp\/v2\/media?parent=6427"}],"wp:term":[{"taxonomy":"category","embeddable":true,"href":"https:\/\/aviones.mindonium.es\/portal\/wp-json\/wp\/v2\/categories?post=6427"},{"taxonomy":"post_tag","embeddable":true,"href":"https:\/\/aviones.mindonium.es\/portal\/wp-json\/wp\/v2\/tags?post=6427"}],"curies":[{"name":"wp","href":"https:\/\/api.w.org\/{rel}","templated":true}]}}