{"id":6406,"date":"2016-02-12T11:57:36","date_gmt":"2016-02-12T11:57:36","guid":{"rendered":"http:\/\/aviones.mindonium.es\/portal\/?p=6406"},"modified":"2018-08-12T18:04:09","modified_gmt":"2018-08-12T18:04:09","slug":"elena-candia-na-sua-visita-ao-salon-internacional-de-turismo-gastronomico-de-ourense-xantar","status":"publish","type":"post","link":"https:\/\/aviones.mindonium.es\/portal\/2016\/02\/12\/elena-candia-na-sua-visita-ao-salon-internacional-de-turismo-gastronomico-de-ourense-xantar\/","title":{"rendered":"Elena Candia, na s\u00faa visita ao sal\u00f3n internacional de turismo gastron\u00f3mico de Ourense , Xantar"},"content":{"rendered":"<p>Elena Candia, na s\u00faa visita ao sal\u00f3n internacional de turismo gastron\u00f3mico de Ourense, Xantar. Na imaxe est\u00e1 acompa\u00f1ada polo tenente de alcalde, Manuel Otero, e polo edil de Educaci\u00f3n, Alberto Garc\u00eda.<\/p>\n<p>O stand de Mondo\u00f1edo ofrece pan da localidade, empanada de tortilla e as tartas das 3 pasteler\u00edas de Mondo\u00f1edo. Tam\u00e9n se ofrece informaci\u00f3n tur\u00edstica do municipio e o presidente da Asociaci\u00f3n Cultural As San Lucas coa colaboraci\u00f3n do Goberno local promociona a feira m\u00e1is antiga de Galicia. Hai ademais pezas expostas dos artes\u00e1ns que fan o seu labor nos Mu\u00ed\u00f1os.<\/p>\n<p>A rexedora fai unha valoraci\u00f3n &#8220;moi positiva&#8221; da presenza do Concello na feira.<\/p>\n<p>Clica na imaxe pa vela a tama\u00f1o completo<\/p>\n<p><a href=\"http:\/\/aviones.mindonium.es\/portal\/wp-content\/uploads\/2016\/02\/20160206_152400.jpg\" target=\"_blank\"><img loading=\"lazy\" decoding=\"async\" class=\"aligncenter size-medium wp-image-6407\" src=\"http:\/\/aviones.mindonium.es\/portal\/wp-content\/uploads\/2016\/02\/20160206_152400-300x168.jpg\" alt=\"\" width=\"300\" height=\"168\" srcset=\"https:\/\/aviones.mindonium.es\/portal\/wp-content\/uploads\/2016\/02\/20160206_152400-300x168.jpg 300w, https:\/\/aviones.mindonium.es\/portal\/wp-content\/uploads\/2016\/02\/20160206_152400-400x225.jpg 400w, https:\/\/aviones.mindonium.es\/portal\/wp-content\/uploads\/2016\/02\/20160206_152400.jpg 1000w\" sizes=\"(max-width: 300px) 100vw, 300px\" \/><\/a><a href=\"http:\/\/www.mindonium.es\/\">volver<\/a><\/p>\n<p>&nbsp;<\/p>\n<p>&nbsp;<\/p>\n<p>&nbsp;<\/p>\n<p>&nbsp;<\/p>\n","protected":false},"excerpt":{"rendered":"<p>Elena Candia, na s\u00faa visita ao sal\u00f3n internacional de turismo gastron\u00f3mico de Ourense, Xantar. Na imaxe est\u00e1 acompa\u00f1ada polo tenente<\/p>\n","protected":false},"author":1,"featured_media":0,"comment_status":"closed","ping_status":"closed","sticky":false,"template":"","format":"standard","meta":{"colormag_page_container_layout":"default_layout","colormag_page_sidebar_layout":"default_layout","_s2mail":"","footnotes":""},"categories":[17],"tags":[],"_links":{"self":[{"href":"https:\/\/aviones.mindonium.es\/portal\/wp-json\/wp\/v2\/posts\/6406"}],"collection":[{"href":"https:\/\/aviones.mindonium.es\/portal\/wp-json\/wp\/v2\/posts"}],"about":[{"href":"https:\/\/aviones.mindonium.es\/portal\/wp-json\/wp\/v2\/types\/post"}],"author":[{"embeddable":true,"href":"https:\/\/aviones.mindonium.es\/portal\/wp-json\/wp\/v2\/users\/1"}],"replies":[{"embeddable":true,"href":"https:\/\/aviones.mindonium.es\/portal\/wp-json\/wp\/v2\/comments?post=6406"}],"version-history":[{"count":2,"href":"https:\/\/aviones.mindonium.es\/portal\/wp-json\/wp\/v2\/posts\/6406\/revisions"}],"predecessor-version":[{"id":6409,"href":"https:\/\/aviones.mindonium.es\/portal\/wp-json\/wp\/v2\/posts\/6406\/revisions\/6409"}],"wp:attachment":[{"href":"https:\/\/aviones.mindonium.es\/portal\/wp-json\/wp\/v2\/media?parent=6406"}],"wp:term":[{"taxonomy":"category","embeddable":true,"href":"https:\/\/aviones.mindonium.es\/portal\/wp-json\/wp\/v2\/categories?post=6406"},{"taxonomy":"post_tag","embeddable":true,"href":"https:\/\/aviones.mindonium.es\/portal\/wp-json\/wp\/v2\/tags?post=6406"}],"curies":[{"name":"wp","href":"https:\/\/api.w.org\/{rel}","templated":true}]}}