{"id":6402,"date":"2016-02-12T11:49:19","date_gmt":"2016-02-12T11:49:19","guid":{"rendered":"http:\/\/aviones.mindonium.es\/portal\/?p=6402"},"modified":"2018-08-12T18:04:09","modified_gmt":"2018-08-12T18:04:09","slug":"o-concello-de-mondonedo-inicia-hoxe-a-primeira-fase-da-rehabilitacion-da-casa-museo-de-cunqueiro","status":"publish","type":"post","link":"https:\/\/aviones.mindonium.es\/portal\/2016\/02\/12\/o-concello-de-mondonedo-inicia-hoxe-a-primeira-fase-da-rehabilitacion-da-casa-museo-de-cunqueiro\/","title":{"rendered":"O Concello de Mondo\u00f1edo inicia hoxe a primeira fase da rehabilitaci\u00f3n da Casa Museo de Cunqueiro"},"content":{"rendered":"<p>O Concello de Mondo\u00f1edo inicia hoxe m\u00e9rcores as obras previas \u00e1 rehabilitaci\u00f3n do edificio na Praza da Catedral para o que ser\u00e1 a Casa Museo de Cunqueiro. A actuaci\u00f3n, previa \u00e1 definici\u00f3n completa do proxecto de rehabilitaci\u00f3n da casa na que viviu o escritor, vai encami\u00f1ada a co\u00f1ecer o estado de conservaci\u00f3n estrutural e os sistemas construtivos.<\/p>\n<p>O orzamento correspondente a esta fase da obra alcanza un total \u00a015.767,70 euros. As obras foron adxudicadas mediante un contrato menor a unha empresa local. O Goberno municipal traballa agora na licitaci\u00f3n do proxecto, cuxo orzamento para 2016 ascende a m\u00e1is de 170.000 euros.<\/p>\n<p>A alcaldesa, a popular Elena Candia, subli\u00f1a que o obxectivo do proxecto completo \u201cademais de por en valor a edificaci\u00f3n, pretende ser unha lembranza viva ao ilustre escritor, polo que se tratar\u00e1 de que sexa un centro dinamizador e un proxecto cultural ambicioso\u201d.<\/p>\n<p>A actuaci\u00f3n global tentar\u00e1 recuperar a integridade estrutural e compositiva da edificaci\u00f3n na s\u00faa volumetr\u00eda actual intentando non s\u00f3 conservar sen\u00f3n mostrar as singularidades desta construci\u00f3n que se entende demostrativa dun tipo de construci\u00f3n tradicional propia da zona e do tempo en que foi constru\u00edda.<\/p>\n<p>Trat\u00e1ndose dunha casa museo tentarase a reconstruci\u00f3n dos espazos cos materiais, as luces e os obxectos que ter\u00eda cando habitaba Cunqueiro co gallo de que o visitante poida sentir integramente o ambiente no que viv\u00eda.<\/p>\n<p><strong>Actuaci\u00f3ns previas<\/strong><\/p>\n<p>Nesta fase de actuaci\u00f3ns previas que comeza hoxe farase o baleirado completo da edificaci\u00f3n que nestes momentos est\u00e1 cheo de escombros.<\/p>\n<p>Amais, realizaranse escavaci\u00f3ns arqueol\u00f3xicas na planta baixa, continuando as que xa se fixeron polos anteriores propietarios e das que resultou a aparici\u00f3n de interesantes restos construtivos doutras \u00e9pocas.<\/p>\n<p>Faranse catas nas paredes buscando restos de pinturas que poidan ser de interese para a s\u00faa conservaci\u00f3n. Para iso, previamente eliminarase a cal das paredes, o que nos permitir\u00e1 ler nos seus muros a s\u00faa historia.<\/p>\n<p>Eliminaranse falsos teitos e solos constru\u00eddos sobre o entramado estrutural e realizaranse catas nos elementos estruturais para avaliar ata onde lles afectou o paso do tempo ou o ataque dos insectos xil\u00f3fagos.<\/p>\n<p>Unha vez a vista estrutura, muros, tabiques e solos valorarase o seu estado de conservaci\u00f3n para poder mantelo ou recuperar o m\u00e1ximo posible todos os elementos do edificio. Aqueles nos que non sexa posible ser\u00e1n substitu\u00eddos por outros de similares caracter\u00edsticas na medida co permita\u00a0 a normativa vixente e o novo uso p\u00fablico do edificio.<\/p>\n<p><a href=\"http:\/\/www.mindonium.es\/\">volver<\/a><\/p>\n<p>&nbsp;<\/p>\n<p>&nbsp;<\/p>\n<p>&nbsp;<\/p>\n<p>&nbsp;<\/p>\n<p>&nbsp;<\/p>\n<p>&nbsp;<\/p>\n<p>&nbsp;<\/p>\n<p>&nbsp;<\/p>\n<p>&nbsp;<\/p>\n<p>&nbsp;<\/p>\n","protected":false},"excerpt":{"rendered":"<p>O Concello de Mondo\u00f1edo inicia hoxe m\u00e9rcores as obras previas \u00e1 rehabilitaci\u00f3n do edificio na Praza da Catedral para o<\/p>\n","protected":false},"author":1,"featured_media":0,"comment_status":"closed","ping_status":"closed","sticky":false,"template":"","format":"standard","meta":{"colormag_page_container_layout":"default_layout","colormag_page_sidebar_layout":"default_layout","_s2mail":"","footnotes":""},"categories":[17],"tags":[],"_links":{"self":[{"href":"https:\/\/aviones.mindonium.es\/portal\/wp-json\/wp\/v2\/posts\/6402"}],"collection":[{"href":"https:\/\/aviones.mindonium.es\/portal\/wp-json\/wp\/v2\/posts"}],"about":[{"href":"https:\/\/aviones.mindonium.es\/portal\/wp-json\/wp\/v2\/types\/post"}],"author":[{"embeddable":true,"href":"https:\/\/aviones.mindonium.es\/portal\/wp-json\/wp\/v2\/users\/1"}],"replies":[{"embeddable":true,"href":"https:\/\/aviones.mindonium.es\/portal\/wp-json\/wp\/v2\/comments?post=6402"}],"version-history":[{"count":2,"href":"https:\/\/aviones.mindonium.es\/portal\/wp-json\/wp\/v2\/posts\/6402\/revisions"}],"predecessor-version":[{"id":6404,"href":"https:\/\/aviones.mindonium.es\/portal\/wp-json\/wp\/v2\/posts\/6402\/revisions\/6404"}],"wp:attachment":[{"href":"https:\/\/aviones.mindonium.es\/portal\/wp-json\/wp\/v2\/media?parent=6402"}],"wp:term":[{"taxonomy":"category","embeddable":true,"href":"https:\/\/aviones.mindonium.es\/portal\/wp-json\/wp\/v2\/categories?post=6402"},{"taxonomy":"post_tag","embeddable":true,"href":"https:\/\/aviones.mindonium.es\/portal\/wp-json\/wp\/v2\/tags?post=6402"}],"curies":[{"name":"wp","href":"https:\/\/api.w.org\/{rel}","templated":true}]}}