{"id":6392,"date":"2016-02-12T11:37:41","date_gmt":"2016-02-12T11:37:41","guid":{"rendered":"http:\/\/aviones.mindonium.es\/portal\/?p=6392"},"modified":"2018-08-12T18:04:10","modified_gmt":"2018-08-12T18:04:10","slug":"o-concello-de-mondonedo-amplia-nun-mes-o-prazo-de-solicitude-de-axudas-destinadas-a-rehabilitacion-de-vivendas-no-casco-historico-e-barrios-de-san-lazaro-e-os-muinos","status":"publish","type":"post","link":"https:\/\/aviones.mindonium.es\/portal\/2016\/02\/12\/o-concello-de-mondonedo-amplia-nun-mes-o-prazo-de-solicitude-de-axudas-destinadas-a-rehabilitacion-de-vivendas-no-casco-historico-e-barrios-de-san-lazaro-e-os-muinos\/","title":{"rendered":"O Concello de Mondo\u00f1edo ampl\u00eda nun mes o prazo de solicitude de axudas destinadas \u00e1 rehabilitaci\u00f3n de vivendas no casco hist\u00f3rico e barrios de San L\u00e1zaro e Os Mu\u00ed\u00f1os"},"content":{"rendered":"<p>O Concello de Mondo\u00f1edo ampl\u00eda nun mes o prazo de solicitude de axudas p\u00fablicas destinadas \u00e1 rehabilitaci\u00f3n de edificios e vivendas\u00a0 situadas no casco hist\u00f3rico da localidade as\u00ed como nos barrios hist\u00f3ricos de San L\u00e1zaro e Os Mu\u00ed\u00f1os.<\/p>\n<p>En concreto, a alcaldesa do municipio, Elena Candia, asinou esta ma\u00f1\u00e1 o decreto a trav\u00e9s do que se acorda a ampliaci\u00f3n do prazo, que comezar\u00e1 a contar a partir do d\u00eda seguinte a data da s\u00faa publicaci\u00f3n no Bolet\u00edn Oficial da Provincia (BOP).<\/p>\n<p>As bases reguladoras e a convocatoria de subvenci\u00f3ns para a \u00c1rea de Rexeneraci\u00f3n e Renovaci\u00f3n do Casco Hist\u00f3rico de Mondo\u00f1edo e Barrios Hist\u00f3ricos de San L\u00e1zaro e Os Mu\u00ed\u00f1os public\u00e1ronse no BOP de 7 de decembro de 2015. Nelas establ\u00e9cense os criterios a cumprir para a concesi\u00f3n destas axudas enmarcadas no acordo de comisi\u00f3n bilateral asinado entre o Ministerio de Fomento, o Instituto.<\/p>\n<p><a href=\"http:\/\/www.mindonium.es\/\">volver<\/a><\/p>\n","protected":false},"excerpt":{"rendered":"<p>O Concello de Mondo\u00f1edo ampl\u00eda nun mes o prazo de solicitude de axudas p\u00fablicas destinadas \u00e1 rehabilitaci\u00f3n de edificios e<\/p>\n","protected":false},"author":1,"featured_media":0,"comment_status":"closed","ping_status":"closed","sticky":false,"template":"","format":"standard","meta":{"colormag_page_container_layout":"default_layout","colormag_page_sidebar_layout":"default_layout","_s2mail":"","footnotes":""},"categories":[17],"tags":[],"_links":{"self":[{"href":"https:\/\/aviones.mindonium.es\/portal\/wp-json\/wp\/v2\/posts\/6392"}],"collection":[{"href":"https:\/\/aviones.mindonium.es\/portal\/wp-json\/wp\/v2\/posts"}],"about":[{"href":"https:\/\/aviones.mindonium.es\/portal\/wp-json\/wp\/v2\/types\/post"}],"author":[{"embeddable":true,"href":"https:\/\/aviones.mindonium.es\/portal\/wp-json\/wp\/v2\/users\/1"}],"replies":[{"embeddable":true,"href":"https:\/\/aviones.mindonium.es\/portal\/wp-json\/wp\/v2\/comments?post=6392"}],"version-history":[{"count":4,"href":"https:\/\/aviones.mindonium.es\/portal\/wp-json\/wp\/v2\/posts\/6392\/revisions"}],"predecessor-version":[{"id":7111,"href":"https:\/\/aviones.mindonium.es\/portal\/wp-json\/wp\/v2\/posts\/6392\/revisions\/7111"}],"wp:attachment":[{"href":"https:\/\/aviones.mindonium.es\/portal\/wp-json\/wp\/v2\/media?parent=6392"}],"wp:term":[{"taxonomy":"category","embeddable":true,"href":"https:\/\/aviones.mindonium.es\/portal\/wp-json\/wp\/v2\/categories?post=6392"},{"taxonomy":"post_tag","embeddable":true,"href":"https:\/\/aviones.mindonium.es\/portal\/wp-json\/wp\/v2\/tags?post=6392"}],"curies":[{"name":"wp","href":"https:\/\/api.w.org\/{rel}","templated":true}]}}