{"id":6381,"date":"2016-01-31T23:07:07","date_gmt":"2016-01-31T23:07:07","guid":{"rendered":"http:\/\/aviones.mindonium.es\/portal\/?p=6381"},"modified":"2018-08-12T18:04:10","modified_gmt":"2018-08-12T18:04:10","slug":"mondonedo-estara-presente-no-salon-internacional-de-turismo-gastronomico-en-ourense","status":"publish","type":"post","link":"https:\/\/aviones.mindonium.es\/portal\/2016\/01\/31\/mondonedo-estara-presente-no-salon-internacional-de-turismo-gastronomico-en-ourense\/","title":{"rendered":"Mondo\u00f1edo estar\u00e1 presente no Sal\u00f3n Internacional de Turismo Gastron\u00f3mico en Ourense"},"content":{"rendered":"<p>Mondo\u00f1edo estar\u00e1 presente no Sal\u00f3n Internacional de Turismo Gastron\u00f3mico, que se celebrar\u00e1 en Ourense a pr\u00f3ximo semana, entre os d\u00edas 3 e 7 de febreiro. A alcaldesa da localidade, Elena Candia, promocionar\u00e1 nesta 17\u00aa edici\u00f3n de Xantar os recursos tur\u00edsticos da localidade, as s\u00faas festas e, sobre todo, o seus produtos gastron\u00f3micos. A alcaldesa invitar\u00e1 a empresarios para que a acompa\u00f1en na cita e asistir\u00e1n tam\u00e9n representantes da Asociaci\u00f3n Cultural As San Lucas, entre eles, o seu presidente Miguel Souto.<\/p>\n<p>Candia explica que un dos principais obxectivos desta cita \u00e9 o de promover o turismo a trav\u00e9s da gastronom\u00eda, tendo en conta que \u201ceste \u00e9 un dos principais atractivos para os que visitan a comunidade e en Mondo\u00f1edo contamos coa riqueza e calidade do noso pan, da nosa tarta e dos nosos produtos da horta\u201d.<\/p>\n<p>A alcaldesa indica que ademais da promoci\u00f3n da gastronom\u00eda, Xantar \u00e9 tam\u00e9n o punto de encontro de recursos tur\u00edsticos, onde se poden co\u00f1ecer os atractivos naturais, hist\u00f3ricos&#8230; dos lugares que acoden a esta cita.<\/p>\n<p>As\u00ed, o Concello de Mondo\u00f1edo \u201cnon quere deixar de reforzar a promoci\u00f3n dos nosos atractivos locais\u201d, di a alcaldesa. Neste senso, Candia levar\u00e1 consigo o proxecto Mondo\u00f1edo, mil historias que vivir, que engloba seis produtos a trav\u00e9s dos que se recupera a figura de Cunqueiro, a cova do Rei Cintolo, a Tarta de Mondo\u00f1edo, o traballo de ceramistas e canteiros e as paisaxes e segredos que agocha o Cami\u00f1o Norte ao seu paso pola localidade.<\/p>\n<p>A alcaldesa \u00e9 consciente da importancia que ten o turismo na localidade polo que non quere escatimar en esforzos para obter os mellores resultados posibles por iso \u201cconsidera moi necesario participar neste Sal\u00f3n Internacional de Turismo Gastron\u00f3mico cuxo atractivo est\u00e1 f\u00f3ra de toda d\u00fabida e dem\u00f3strano as enquisas\u201d. Ademais, \u201ca asistencia a Xantar 2016 tam\u00e9n nos permitir\u00e1 co\u00f1ecer as experiencias que funcionan noutros puntos xeogr\u00e1ficos\u201d.<\/p>\n<p><a href=\"http:\/\/www.mindonium.es\/\">Volver a inicio <\/a><\/p>\n<p>&nbsp;<\/p>\n<p>&nbsp;<\/p>\n<p>&nbsp;<\/p>\n<p>&nbsp;<\/p>\n","protected":false},"excerpt":{"rendered":"<p>Mondo\u00f1edo estar\u00e1 presente no Sal\u00f3n Internacional de Turismo Gastron\u00f3mico, que se celebrar\u00e1 en Ourense a pr\u00f3ximo semana, entre os d\u00edas<\/p>\n","protected":false},"author":1,"featured_media":0,"comment_status":"closed","ping_status":"closed","sticky":false,"template":"","format":"standard","meta":{"colormag_page_container_layout":"default_layout","colormag_page_sidebar_layout":"default_layout","_s2mail":"","footnotes":""},"categories":[17],"tags":[107,106,120,105],"_links":{"self":[{"href":"https:\/\/aviones.mindonium.es\/portal\/wp-json\/wp\/v2\/posts\/6381"}],"collection":[{"href":"https:\/\/aviones.mindonium.es\/portal\/wp-json\/wp\/v2\/posts"}],"about":[{"href":"https:\/\/aviones.mindonium.es\/portal\/wp-json\/wp\/v2\/types\/post"}],"author":[{"embeddable":true,"href":"https:\/\/aviones.mindonium.es\/portal\/wp-json\/wp\/v2\/users\/1"}],"replies":[{"embeddable":true,"href":"https:\/\/aviones.mindonium.es\/portal\/wp-json\/wp\/v2\/comments?post=6381"}],"version-history":[{"count":5,"href":"https:\/\/aviones.mindonium.es\/portal\/wp-json\/wp\/v2\/posts\/6381\/revisions"}],"predecessor-version":[{"id":6384,"href":"https:\/\/aviones.mindonium.es\/portal\/wp-json\/wp\/v2\/posts\/6381\/revisions\/6384"}],"wp:attachment":[{"href":"https:\/\/aviones.mindonium.es\/portal\/wp-json\/wp\/v2\/media?parent=6381"}],"wp:term":[{"taxonomy":"category","embeddable":true,"href":"https:\/\/aviones.mindonium.es\/portal\/wp-json\/wp\/v2\/categories?post=6381"},{"taxonomy":"post_tag","embeddable":true,"href":"https:\/\/aviones.mindonium.es\/portal\/wp-json\/wp\/v2\/tags?post=6381"}],"curies":[{"name":"wp","href":"https:\/\/api.w.org\/{rel}","templated":true}]}}