{"id":6376,"date":"2016-01-31T23:01:27","date_gmt":"2016-01-31T23:01:27","guid":{"rendered":"http:\/\/aviones.mindonium.es\/portal\/?p=6376"},"modified":"2018-08-12T18:04:10","modified_gmt":"2018-08-12T18:04:10","slug":"o-concello-de-mondonedo-facilitara-o-acceso-aos-locais-municipais-baleiros-para-empresas-e-autonomos-que-decidan-emprender","status":"publish","type":"post","link":"https:\/\/aviones.mindonium.es\/portal\/2016\/01\/31\/o-concello-de-mondonedo-facilitara-o-acceso-aos-locais-municipais-baleiros-para-empresas-e-autonomos-que-decidan-emprender\/","title":{"rendered":"O Concello de Mondo\u00f1edo facilitar\u00e1 o acceso aos locais municipais baleiros para empresas e aut\u00f3nomos que decidan emprender"},"content":{"rendered":"<p>A alcaldesa de Mondo\u00f1edo, a popular Elena Candia, avanza que o Concello que goberna facilitar\u00e1 o acceso aos locais municipais baleiros para aquelas empresas e aut\u00f3nomos que decidan emprender. Con este fin o Goberno local aprobar\u00e1 o vindeiro xoves unha ordenanza na que se regule a contrataci\u00f3n deses espazos, cuxo prezo por metro cadrado ser\u00e1 de 3,5 euros no caso de ter acceso de v\u00eda e 2,5 euros sen el.<\/p>\n<p>Inicialmente o Goberno local por\u00e1 en aluguer tres espazos infrautilizados, un deles na Praza de Abastos, outro no quiosco das San Lucas e outro na contorna do Concello.<\/p>\n<p>A alcaldesa da localidade, a popular Elena Candia, explica que se po\u00f1en espazos a disposici\u00f3n dos emprendedores, ao tempo que se recada unha cantidade para destinar ao mantemento deses locais, evitando as\u00ed o seu deterioro. \u201cCumprimos un dobre obxectivo, axudamos a aqueles que buscan un local para acometer a s\u00faa actividade empresarial e ao mesmo tempo garantimos que eses espazos permanecen en bo estado de conservaci\u00f3n\u201d, engade.<\/p>\n<p>A rexedora subli\u00f1a ademais a vida e o movemento econ\u00f3mico que este tipo de actividade pode carrexar para o centro da localidade. \u201cConseguimos as\u00ed atraer actividade ao centro de Mondo\u00f1edo, contribu\u00edmos a xerar novos postos de traballo e conseguimos ingresos para o mantemento deses locais agora en desuso\u201d, concl\u00fae.<\/p>\n<p><a href=\"http:\/\/www.mindonium.es\/\">Volver a inicio <\/a><\/p>\n<p>&nbsp;<\/p>\n<p>&nbsp;<\/p>\n<p>&nbsp;<\/p>\n","protected":false},"excerpt":{"rendered":"<p>A alcaldesa de Mondo\u00f1edo, a popular Elena Candia, avanza que o Concello que goberna facilitar\u00e1 o acceso aos locais municipais<\/p>\n","protected":false},"author":1,"featured_media":0,"comment_status":"closed","ping_status":"closed","sticky":false,"template":"","format":"standard","meta":{"colormag_page_container_layout":"default_layout","colormag_page_sidebar_layout":"default_layout","_s2mail":"","footnotes":""},"categories":[17],"tags":[110,109,108],"_links":{"self":[{"href":"https:\/\/aviones.mindonium.es\/portal\/wp-json\/wp\/v2\/posts\/6376"}],"collection":[{"href":"https:\/\/aviones.mindonium.es\/portal\/wp-json\/wp\/v2\/posts"}],"about":[{"href":"https:\/\/aviones.mindonium.es\/portal\/wp-json\/wp\/v2\/types\/post"}],"author":[{"embeddable":true,"href":"https:\/\/aviones.mindonium.es\/portal\/wp-json\/wp\/v2\/users\/1"}],"replies":[{"embeddable":true,"href":"https:\/\/aviones.mindonium.es\/portal\/wp-json\/wp\/v2\/comments?post=6376"}],"version-history":[{"count":5,"href":"https:\/\/aviones.mindonium.es\/portal\/wp-json\/wp\/v2\/posts\/6376\/revisions"}],"predecessor-version":[{"id":6388,"href":"https:\/\/aviones.mindonium.es\/portal\/wp-json\/wp\/v2\/posts\/6376\/revisions\/6388"}],"wp:attachment":[{"href":"https:\/\/aviones.mindonium.es\/portal\/wp-json\/wp\/v2\/media?parent=6376"}],"wp:term":[{"taxonomy":"category","embeddable":true,"href":"https:\/\/aviones.mindonium.es\/portal\/wp-json\/wp\/v2\/categories?post=6376"},{"taxonomy":"post_tag","embeddable":true,"href":"https:\/\/aviones.mindonium.es\/portal\/wp-json\/wp\/v2\/tags?post=6376"}],"curies":[{"name":"wp","href":"https:\/\/api.w.org\/{rel}","templated":true}]}}