{"id":6363,"date":"2016-01-29T12:42:16","date_gmt":"2016-01-29T12:42:16","guid":{"rendered":"http:\/\/aviones.mindonium.es\/portal\/?p=6363"},"modified":"2018-08-12T18:04:10","modified_gmt":"2018-08-12T18:04:10","slug":"o-entroido-mindoniense-celebrase-o-sabado-13-de-febreiro-con-novidades-na-sua-programacion","status":"publish","type":"post","link":"https:\/\/aviones.mindonium.es\/portal\/2016\/01\/29\/o-entroido-mindoniense-celebrase-o-sabado-13-de-febreiro-con-novidades-na-sua-programacion\/","title":{"rendered":"O Entroido mindoniense cel\u00e9brase o s\u00e1bado 13 de febreiro con novidades na s\u00faa programaci\u00f3n"},"content":{"rendered":"<p>O Entroido de Mondo\u00f1edo celebrarase este ano o s\u00e1bado 13 de febreiro. Organizado polo Concello (a trav\u00e9s da Conceller\u00eda de Xuventude que dirixe Alberto Garc\u00eda), e a Asociaci\u00f3n de Comerciantes, Industriais e Aut\u00f3nomos da localidade (ACIAM), en colaboraci\u00f3n con voluntarios; conta cun programa que presenta importantes novidades que \u201cmelloran o seu atractivo, co que se buscan dar un pulo a esta cita anual\u201d.<\/p>\n<p>O Entroido mindoniense de 2016 incl\u00fae un incremento no n\u00famero de diferentes categor\u00edas que poden participar no desfile e melloras no cat\u00e1logo de premios, \u00a0amais de contar con cartel musical.<\/p>\n<p>En concreto,\u00a0 haber\u00e1 novas categor\u00edas de participantes no desfile. Os adultos participar\u00e1n no desfile nas categor\u00edas de comparsas, charangas, carrozas, grupos, individuais e parellas, mentres que tam\u00e9n haber\u00e1 premios infant\u00eds para grupos, parellas e individuais. Neste senso,\u00a0 \u00e9 necesario resaltar que as novidades son a divisi\u00f3n entre comparsas e\u00a0charangas, que en pasadas edici\u00f3ns compet\u00edan na mesma categor\u00eda, ademais de que se creou unha nova categor\u00eda, a das carrozas<\/p>\n<p>Do mesmo xeito, tam\u00e9n se mellora o cartel de premios. As\u00ed, a cont\u00eda a repartir entre os ga\u00f1adores increm\u00e9ntase nun 78% respecto \u00e1 pasada anualidade e concederanse tres premios por categor\u00eda que participa.<\/p>\n<p>A maiores, a programaci\u00f3n do Entroido de Mondo\u00f1edo para este ano tam\u00e9n conta coa actuaci\u00f3n musical dunha orquestra, que permitir\u00e1 amenizar a entrega de premios e prolongar a celebraci\u00f3n deste d\u00eda na localidade.<\/p>\n<p>Por \u00faltimo, a alcaldesa Elena Candia lembrou que o Goberno municipal \u201cquere apostar polo Entroido e, deste xeito, estase a traballar en melloras na s\u00faa programaci\u00f3n, que xa comezar\u00e1n a darse esta anualidade e que permitir\u00e1n impulsar esta cita\u201d.<\/p>\n<p><a href=\"http:\/\/www.mindonium.es\/\">volver a inicio<\/a><\/p>\n<p>&nbsp;<\/p>\n<p>&nbsp;<\/p>\n<p>&nbsp;<\/p>\n<p>&nbsp;<\/p>\n<p>&nbsp;<\/p>\n","protected":false},"excerpt":{"rendered":"<p>O Entroido de Mondo\u00f1edo celebrarase este ano o s\u00e1bado 13 de febreiro. Organizado polo Concello (a trav\u00e9s da Conceller\u00eda de<\/p>\n","protected":false},"author":1,"featured_media":0,"comment_status":"closed","ping_status":"closed","sticky":false,"template":"","format":"standard","meta":{"colormag_page_container_layout":"default_layout","colormag_page_sidebar_layout":"default_layout","_s2mail":"","footnotes":""},"categories":[17],"tags":[],"_links":{"self":[{"href":"https:\/\/aviones.mindonium.es\/portal\/wp-json\/wp\/v2\/posts\/6363"}],"collection":[{"href":"https:\/\/aviones.mindonium.es\/portal\/wp-json\/wp\/v2\/posts"}],"about":[{"href":"https:\/\/aviones.mindonium.es\/portal\/wp-json\/wp\/v2\/types\/post"}],"author":[{"embeddable":true,"href":"https:\/\/aviones.mindonium.es\/portal\/wp-json\/wp\/v2\/users\/1"}],"replies":[{"embeddable":true,"href":"https:\/\/aviones.mindonium.es\/portal\/wp-json\/wp\/v2\/comments?post=6363"}],"version-history":[{"count":2,"href":"https:\/\/aviones.mindonium.es\/portal\/wp-json\/wp\/v2\/posts\/6363\/revisions"}],"predecessor-version":[{"id":6365,"href":"https:\/\/aviones.mindonium.es\/portal\/wp-json\/wp\/v2\/posts\/6363\/revisions\/6365"}],"wp:attachment":[{"href":"https:\/\/aviones.mindonium.es\/portal\/wp-json\/wp\/v2\/media?parent=6363"}],"wp:term":[{"taxonomy":"category","embeddable":true,"href":"https:\/\/aviones.mindonium.es\/portal\/wp-json\/wp\/v2\/categories?post=6363"},{"taxonomy":"post_tag","embeddable":true,"href":"https:\/\/aviones.mindonium.es\/portal\/wp-json\/wp\/v2\/tags?post=6363"}],"curies":[{"name":"wp","href":"https:\/\/api.w.org\/{rel}","templated":true}]}}