{"id":6353,"date":"2016-01-25T21:59:26","date_gmt":"2016-01-25T21:59:26","guid":{"rendered":"http:\/\/aviones.mindonium.es\/portal\/?p=6353"},"modified":"2018-08-12T18:04:10","modified_gmt":"2018-08-12T18:04:10","slug":"video-del-segundo-enduro-mondonedo","status":"publish","type":"post","link":"https:\/\/aviones.mindonium.es\/portal\/2016\/01\/25\/video-del-segundo-enduro-mondonedo\/","title":{"rendered":"V\u00eddeo del segundo enduro Mondo\u00f1edo"},"content":{"rendered":"<p>Este fin de semana tuvo lugar el segundo enduro Mondo\u00f1edo , mas de 200 inscritos participaron en el evento.<br \/>\nLa plaza de la catedral fue el lugar de salida para pasar por el pol\u00edgono industrial donde se celebraron las dos cronos.<br \/>\nEn Mondo\u00f1edo tenemos a cuatro pilotos locales , Abel Sanchez , Jes\u00fas Alonso y Hugo Rodrigez , dos de ellos subieron al podio : Natalia Alonso en categor\u00eda de femeninas y Abel Sanchez en categor\u00eda open 2t .<br \/>\nNatalia quedo primera y Abel segundo<\/p>\n<p><iframe loading=\"lazy\" width=\"500\" height=\"385\" src=\"https:\/\/www.youtube.com\/embed\/7RLtFv8-Ck0\" frameborder=\"0\" allowfullscreen><\/iframe><\/p>\n<p>Tambi\u00e9n pod\u00e9is ver el v\u00eddeo directamente desde nuestro canal de v\u00eddeos de mindonium.es haciendo clic <a href=\"https:\/\/www.youtube.com\/watch?v=7RLtFv8-Ck0\" target=\"_blank\">aqu\u00ed <\/a><\/p>\n<p><a href=\"http:\/\/www.mindonium.es\/\">Volver a inicio <\/a><\/p>\n","protected":false},"excerpt":{"rendered":"<p>Este fin de semana tuvo lugar el segundo enduro Mondo\u00f1edo , mas de 200 inscritos participaron en el evento. La<\/p>\n","protected":false},"author":1,"featured_media":0,"comment_status":"closed","ping_status":"closed","sticky":false,"template":"","format":"standard","meta":{"colormag_page_container_layout":"default_layout","colormag_page_sidebar_layout":"default_layout","_s2mail":"","footnotes":""},"categories":[18],"tags":[],"_links":{"self":[{"href":"https:\/\/aviones.mindonium.es\/portal\/wp-json\/wp\/v2\/posts\/6353"}],"collection":[{"href":"https:\/\/aviones.mindonium.es\/portal\/wp-json\/wp\/v2\/posts"}],"about":[{"href":"https:\/\/aviones.mindonium.es\/portal\/wp-json\/wp\/v2\/types\/post"}],"author":[{"embeddable":true,"href":"https:\/\/aviones.mindonium.es\/portal\/wp-json\/wp\/v2\/users\/1"}],"replies":[{"embeddable":true,"href":"https:\/\/aviones.mindonium.es\/portal\/wp-json\/wp\/v2\/comments?post=6353"}],"version-history":[{"count":6,"href":"https:\/\/aviones.mindonium.es\/portal\/wp-json\/wp\/v2\/posts\/6353\/revisions"}],"predecessor-version":[{"id":6359,"href":"https:\/\/aviones.mindonium.es\/portal\/wp-json\/wp\/v2\/posts\/6353\/revisions\/6359"}],"wp:attachment":[{"href":"https:\/\/aviones.mindonium.es\/portal\/wp-json\/wp\/v2\/media?parent=6353"}],"wp:term":[{"taxonomy":"category","embeddable":true,"href":"https:\/\/aviones.mindonium.es\/portal\/wp-json\/wp\/v2\/categories?post=6353"},{"taxonomy":"post_tag","embeddable":true,"href":"https:\/\/aviones.mindonium.es\/portal\/wp-json\/wp\/v2\/tags?post=6353"}],"curies":[{"name":"wp","href":"https:\/\/api.w.org\/{rel}","templated":true}]}}