{"id":6346,"date":"2016-01-06T13:58:02","date_gmt":"2016-01-06T13:58:02","guid":{"rendered":"http:\/\/aviones.mindonium.es\/portal\/?p=6346"},"modified":"2018-08-12T18:04:10","modified_gmt":"2018-08-12T18:04:10","slug":"fotografias-cabalgata-de-reyes-2016","status":"publish","type":"post","link":"https:\/\/aviones.mindonium.es\/portal\/2016\/01\/06\/fotografias-cabalgata-de-reyes-2016\/","title":{"rendered":"Fotograf\u00edas cabalgata de Reyes 2016"},"content":{"rendered":"<p>Este a\u00f1o los Reyes Magos no quisieron dejar un solo rinc\u00f3n Mindoniense \u00a0sin ilusi\u00f3n y regalos , comenzaron su visita por el Hospital de San Pablo para luego dirigirse a la Residencia de San Rafael \u00a0Donde un a\u00f1o m\u00e1s fueron recibidos con gran entusiasmo , seguidamente y a pesar del mal tiempo se desplazaron por las calles de Mondo\u00f1edo acompa\u00f1ados de dos carrozas y encabezados por la Banda de tambores de la Escuela Municipal de M\u00fasica , para luego finalizar su estancia en Mondo\u00f1edo recibiendo a todos los ni\u00f1o en el Auditorio Municipal Pascual Veiga.<\/p>\n<p><a href=\"http:\/\/galeria.mindonium.es\/thumbnails.php?album=219\" target=\"_blank\">Ver fotograf\u00edas <\/a><\/p>\n<p><a href=\"http:\/\/galeria.mindonium.es\/thumbnails.php?album=219\" target=\"_blank\"><img loading=\"lazy\" decoding=\"async\" class=\"aligncenter size-full wp-image-6347\" src=\"http:\/\/aviones.mindonium.es\/portal\/wp-content\/uploads\/2016\/01\/mindonium_reyes_2016_-portada.jpg\" alt=\"\" width=\"300\" height=\"169\" \/><\/a><\/p>\n<p><a href=\"http:\/\/www.mindonium.es\/\">Volver<\/a><\/p>\n","protected":false},"excerpt":{"rendered":"<p>Este a\u00f1o los Reyes Magos no quisieron dejar un solo rinc\u00f3n Mindoniense \u00a0sin ilusi\u00f3n y regalos , comenzaron su visita<\/p>\n","protected":false},"author":1,"featured_media":0,"comment_status":"closed","ping_status":"closed","sticky":false,"template":"","format":"standard","meta":{"colormag_page_container_layout":"default_layout","colormag_page_sidebar_layout":"default_layout","_s2mail":"","footnotes":""},"categories":[17],"tags":[],"_links":{"self":[{"href":"https:\/\/aviones.mindonium.es\/portal\/wp-json\/wp\/v2\/posts\/6346"}],"collection":[{"href":"https:\/\/aviones.mindonium.es\/portal\/wp-json\/wp\/v2\/posts"}],"about":[{"href":"https:\/\/aviones.mindonium.es\/portal\/wp-json\/wp\/v2\/types\/post"}],"author":[{"embeddable":true,"href":"https:\/\/aviones.mindonium.es\/portal\/wp-json\/wp\/v2\/users\/1"}],"replies":[{"embeddable":true,"href":"https:\/\/aviones.mindonium.es\/portal\/wp-json\/wp\/v2\/comments?post=6346"}],"version-history":[{"count":3,"href":"https:\/\/aviones.mindonium.es\/portal\/wp-json\/wp\/v2\/posts\/6346\/revisions"}],"predecessor-version":[{"id":6350,"href":"https:\/\/aviones.mindonium.es\/portal\/wp-json\/wp\/v2\/posts\/6346\/revisions\/6350"}],"wp:attachment":[{"href":"https:\/\/aviones.mindonium.es\/portal\/wp-json\/wp\/v2\/media?parent=6346"}],"wp:term":[{"taxonomy":"category","embeddable":true,"href":"https:\/\/aviones.mindonium.es\/portal\/wp-json\/wp\/v2\/categories?post=6346"},{"taxonomy":"post_tag","embeddable":true,"href":"https:\/\/aviones.mindonium.es\/portal\/wp-json\/wp\/v2\/tags?post=6346"}],"curies":[{"name":"wp","href":"https:\/\/api.w.org\/{rel}","templated":true}]}}