{"id":6336,"date":"2016-01-04T12:49:57","date_gmt":"2016-01-04T12:49:57","guid":{"rendered":"http:\/\/aviones.mindonium.es\/portal\/?p=6336"},"modified":"2018-08-12T18:04:10","modified_gmt":"2018-08-12T18:04:10","slug":"as-suas-maxestades-de-oriente-traen-a-mondonedo-una-cabalgata-que-este-ano-inclue-novidades","status":"publish","type":"post","link":"https:\/\/aviones.mindonium.es\/portal\/2016\/01\/04\/as-suas-maxestades-de-oriente-traen-a-mondonedo-una-cabalgata-que-este-ano-inclue-novidades\/","title":{"rendered":"As s\u00faas Maxestades de Oriente traen a Mondo\u00f1edo una cabalgata que este ano incl\u00fae novidades"},"content":{"rendered":"<p>Mondo\u00f1edo, a 4 de xaneiro de 2016. O Concello de Mondo\u00f1edo fai saber a tod@s @s nen@s da carta recibida por un emisario real das s\u00faas maxestades de Oriente, na que se informa que este ano os Reis Magos chegar\u00e1n \u00e1 cidade episcopal \u00e1s 17:00 horas e, como de costume, visitar\u00e1n en primeiro lugar aos seus amig@s do Hospital de San Pablo e a continuaci\u00f3n desprazaranse ata a Residencia de San Rafael, onde ser\u00e1n recibidos un ano m\u00e1is, con moito entusiasmo.<\/p>\n<p>O concelleiro de Educaci\u00f3n e Mocidade, Alberto Garc\u00eda, salientou que este ano a cabalgata incorpora varias novidades. A primeira delas \u00e9 que se retrasa o inicio da mesma, \u201cxa que ao ser un d\u00eda laboral, consideramos m\u00e1is axeitado o novo horario para que poidamos desfrutar todos da Cabalgata, \u00e1 vez que coincide con pleno horario comercial\u201d.<\/p>\n<p>A cabalgata, que partir\u00e1 da Alameda dos Remedios \u00e1s 18:30 horas, ir\u00e1 encabezada pola Banda de Tambores da Escola Municipal de M\u00fasica de Mondo\u00f1edo, -que se incorpora este ano-, xunto aos tres s\u00e9quitos reais, que flanquear\u00e1n as d\u00faas carrozas nas que desfilar\u00e1n Melchor, Gaspar e Baltasar, e os seus paxes. O concelleiro de Educaci\u00f3n e Mocidade fixo fincap\u00e9 na renovaci\u00f3n das d\u00faas carrozas, que este ano incl\u00fae tam\u00e9n iluminaci\u00f3n de nadal.<\/p>\n<p>Por \u00faltimo, as s\u00faas maxestades recibir\u00e1n a todos @s nen@s no Auditorio Municipal \u201cPascual Veiga\u201d, onde tod@s ser\u00e1n agasallad@s cun regalo, tal e como se fac\u00eda fai anos.<\/p>\n<p><strong>AGRADECEMENTOS<\/strong><br \/>\nA alcaldesa de Mondo\u00f1edo, Elena Candia, xunto ao concelleiro de Educaci\u00f3n e Mocidade, Alberto Garc\u00eda, as\u00ed como ao resto do equipo de goberno, queren agradecer o traballo desinteresado realizado por todas as nais que est\u00e1n a colaborar nesta edici\u00f3n da Cabalgata de Reis, xa que \u201csen a s\u00faa axuda ser\u00eda imposible levala a cabo\u201d. Ademais, dende o Goberno local tam\u00e9n queren dar as grazas por todas as achegas econ\u00f3micas feitas, tanto de particulares an\u00f3nimos como de varios comercios da nosa cidade, \u201co cal \u00e9 de agradecer polo conxunto dos mindonienses\u201d remarcan.<\/p>\n<p><a href=\"http:\/\/aviones.mindonium.es\/portal\/wp-content\/uploads\/2016\/01\/cabalgata_reyes_2016_n.jpg\" target=\"_blank\"><img loading=\"lazy\" decoding=\"async\" class=\"aligncenter size-medium wp-image-6338\" src=\"http:\/\/aviones.mindonium.es\/portal\/wp-content\/uploads\/2016\/01\/cabalgata_reyes_2016_n-234x300.jpg\" alt=\"\" width=\"234\" height=\"300\" srcset=\"https:\/\/aviones.mindonium.es\/portal\/wp-content\/uploads\/2016\/01\/cabalgata_reyes_2016_n-234x300.jpg 234w, https:\/\/aviones.mindonium.es\/portal\/wp-content\/uploads\/2016\/01\/cabalgata_reyes_2016_n-400x512.jpg 400w, https:\/\/aviones.mindonium.es\/portal\/wp-content\/uploads\/2016\/01\/cabalgata_reyes_2016_n.jpg 720w\" sizes=\"(max-width: 234px) 100vw, 234px\" \/><\/a><\/p>\n<p><a href=\"http:\/\/www.mindonium.es\/\">Volver<\/a><\/p>\n<p>&nbsp;<\/p>\n<p>&nbsp;<\/p>\n<p>&nbsp;<\/p>\n<p>&nbsp;<\/p>\n","protected":false},"excerpt":{"rendered":"<p>Mondo\u00f1edo, a 4 de xaneiro de 2016. O Concello de Mondo\u00f1edo fai saber a tod@s @s nen@s da carta recibida<\/p>\n","protected":false},"author":1,"featured_media":0,"comment_status":"closed","ping_status":"closed","sticky":false,"template":"","format":"standard","meta":{"colormag_page_container_layout":"default_layout","colormag_page_sidebar_layout":"default_layout","_s2mail":"","footnotes":""},"categories":[17],"tags":[],"_links":{"self":[{"href":"https:\/\/aviones.mindonium.es\/portal\/wp-json\/wp\/v2\/posts\/6336"}],"collection":[{"href":"https:\/\/aviones.mindonium.es\/portal\/wp-json\/wp\/v2\/posts"}],"about":[{"href":"https:\/\/aviones.mindonium.es\/portal\/wp-json\/wp\/v2\/types\/post"}],"author":[{"embeddable":true,"href":"https:\/\/aviones.mindonium.es\/portal\/wp-json\/wp\/v2\/users\/1"}],"replies":[{"embeddable":true,"href":"https:\/\/aviones.mindonium.es\/portal\/wp-json\/wp\/v2\/comments?post=6336"}],"version-history":[{"count":5,"href":"https:\/\/aviones.mindonium.es\/portal\/wp-json\/wp\/v2\/posts\/6336\/revisions"}],"predecessor-version":[{"id":6342,"href":"https:\/\/aviones.mindonium.es\/portal\/wp-json\/wp\/v2\/posts\/6336\/revisions\/6342"}],"wp:attachment":[{"href":"https:\/\/aviones.mindonium.es\/portal\/wp-json\/wp\/v2\/media?parent=6336"}],"wp:term":[{"taxonomy":"category","embeddable":true,"href":"https:\/\/aviones.mindonium.es\/portal\/wp-json\/wp\/v2\/categories?post=6336"},{"taxonomy":"post_tag","embeddable":true,"href":"https:\/\/aviones.mindonium.es\/portal\/wp-json\/wp\/v2\/tags?post=6336"}],"curies":[{"name":"wp","href":"https:\/\/api.w.org\/{rel}","templated":true}]}}