{"id":6274,"date":"2015-10-29T21:01:56","date_gmt":"2015-10-29T21:01:56","guid":{"rendered":"http:\/\/aviones.mindonium.es\/portal\/?p=6274"},"modified":"2018-08-12T18:04:11","modified_gmt":"2018-08-12T18:04:11","slug":"o-goberno-propon-en-pleno-que-se-elimine-o-pago-de-licenza-de-obra-polo-arranxo-de-cubertas-e-de-fachadas-de-vivendas-ruinosas","status":"publish","type":"post","link":"https:\/\/aviones.mindonium.es\/portal\/2015\/10\/29\/o-goberno-propon-en-pleno-que-se-elimine-o-pago-de-licenza-de-obra-polo-arranxo-de-cubertas-e-de-fachadas-de-vivendas-ruinosas\/","title":{"rendered":"O Goberno prop\u00f3n en pleno que se elimine o pago de licenza de obra polo arranxo de cubertas e de fachadas de vivendas ruinosas"},"content":{"rendered":"<p>A alcaldesa tam\u00e9n asinou coa Xunta e con Fomento o convenio regulador dunha axuda de 111.750 euros, dirixida a subvencionar actuaci\u00f3ns de rehabilitaci\u00f3n executadas por propietarios de vivendas.<\/p>\n<p>Candia anuncia tam\u00e9n que se est\u00e1 a traballar en m\u00e1is medidas dirixidas \u00e1 rehabilitaci\u00f3n de vivendas e que se est\u00e1 en contacto con entidades financeiras<\/p>\n<p>A alcaldesa de Mondo\u00f1edo, Elena Candia, anuncia que o Goberno municipal levar\u00e1 ao pr\u00f3ximo pleno local unha iniciativas a trav\u00e9s da que prop\u00f3n que se elimine o pago de licenza de obra polos arranxos de cubertas e de fachadas de vivendas que se atopen nun estado de ru\u00edna.<\/p>\n<p>Candia defende que as administraci\u00f3ns deben liderar propostas para incentivar que os propietarios po\u00f1an en valor os seus inmobles. \u201cAdemais de ser bo individualmente para os donos das vivendas, o feito de que estean arranxadas tam\u00e9n acaba sendo un beneficio para toda a cidade\u201d, engade. Mondo\u00f1edo conta cun importe n\u00famero de inmobles en mal estado que \u201cademais de non ser bo esteticamente, tam\u00e9n pode chegar a afectar \u00e1 seguridade de veci\u00f1os e de inmobles colindantes\u201d, matiza.<\/p>\n<p>A alcaldesa de Mondo\u00f1edo lembra que \u00e9 un compromiso do Goberno do Partido Popular local incentivar o arranxo das vivendas e, do mesmo xeito, dende a administraci\u00f3n tam\u00e9n pretenden colaborar e \u201cofrecer posibilidades aos propietarios que prefiran desfacerse dos seus inmobles\u201d. As\u00ed, a moci\u00f3n plenaria tam\u00e9n incl\u00fae unha segunda proposta, a de crear por parte do Concello un censo de vivendas en venda que ser\u00eda publicado na p\u00e1xina web oficial.<\/p>\n<p><strong>Sinatura de convenio<\/strong><\/p>\n<p>A alcaldesa de Mondo\u00f1edo tam\u00e9n lembra que onte asinou un convenio coa Xunta de Galicia e co Ministerio de Fomento, regulador dunha subvenci\u00f3n de 111.750 euros, dirixida a colaborar coas actuaci\u00f3ns de rehabilitaci\u00f3n executadas polos propietarios de vivendas emprazadas na \u00e1rea de rehabilitaci\u00f3n.<\/p>\n<p>Por \u00faltimo, Candia anuncia tam\u00e9n que se est\u00e1 a traballar en m\u00e1is medidas dirixidas \u00e1 rehabilitaci\u00f3n de vivendas e que se est\u00e1 en contacto con entidades financeiras<\/p>\n<p><a href=\"http:\/\/www.mindonium.es\/\">volver <\/a><\/p>\n","protected":false},"excerpt":{"rendered":"<p>A alcaldesa tam\u00e9n asinou coa Xunta e con Fomento o convenio regulador dunha axuda de 111.750 euros, dirixida a subvencionar<\/p>\n","protected":false},"author":1,"featured_media":0,"comment_status":"closed","ping_status":"closed","sticky":false,"template":"","format":"standard","meta":{"colormag_page_container_layout":"default_layout","colormag_page_sidebar_layout":"default_layout","_s2mail":"","footnotes":""},"categories":[17],"tags":[],"_links":{"self":[{"href":"https:\/\/aviones.mindonium.es\/portal\/wp-json\/wp\/v2\/posts\/6274"}],"collection":[{"href":"https:\/\/aviones.mindonium.es\/portal\/wp-json\/wp\/v2\/posts"}],"about":[{"href":"https:\/\/aviones.mindonium.es\/portal\/wp-json\/wp\/v2\/types\/post"}],"author":[{"embeddable":true,"href":"https:\/\/aviones.mindonium.es\/portal\/wp-json\/wp\/v2\/users\/1"}],"replies":[{"embeddable":true,"href":"https:\/\/aviones.mindonium.es\/portal\/wp-json\/wp\/v2\/comments?post=6274"}],"version-history":[{"count":2,"href":"https:\/\/aviones.mindonium.es\/portal\/wp-json\/wp\/v2\/posts\/6274\/revisions"}],"predecessor-version":[{"id":6276,"href":"https:\/\/aviones.mindonium.es\/portal\/wp-json\/wp\/v2\/posts\/6274\/revisions\/6276"}],"wp:attachment":[{"href":"https:\/\/aviones.mindonium.es\/portal\/wp-json\/wp\/v2\/media?parent=6274"}],"wp:term":[{"taxonomy":"category","embeddable":true,"href":"https:\/\/aviones.mindonium.es\/portal\/wp-json\/wp\/v2\/categories?post=6274"},{"taxonomy":"post_tag","embeddable":true,"href":"https:\/\/aviones.mindonium.es\/portal\/wp-json\/wp\/v2\/tags?post=6274"}],"curies":[{"name":"wp","href":"https:\/\/api.w.org\/{rel}","templated":true}]}}