{"id":6237,"date":"2015-10-17T14:41:25","date_gmt":"2015-10-17T14:41:25","guid":{"rendered":"http:\/\/aviones.mindonium.es\/portal\/?p=6237"},"modified":"2018-08-12T18:04:11","modified_gmt":"2018-08-12T18:04:11","slug":"san-lucas-2015-2","status":"publish","type":"post","link":"https:\/\/aviones.mindonium.es\/portal\/2015\/10\/17\/san-lucas-2015-2\/","title":{"rendered":"San Lucas 2015"},"content":{"rendered":"<h3>Voces Da Paula vuelve a llenar el campo de los Remedios<\/h3>\n<p>Una vez m\u00e1s la gala Mindoniense hecha por Mindonienses y para los Mindonienses volvi\u00f3 a llenar el campo de Los Remedios en una intensa noche de lluvia, a\u00fan as\u00ed la expectaci\u00f3n fue total hasta el ultimo momento con un publico entregado por el reconocimiento del gran esfuerzo para realizar esta exitosa gala musical<\/p>\n<p><a href=\"http:\/\/galeria.mindonium.es\/thumbnails.php?album=217\" target=\"_blank\">Ver fotos <\/a><\/p>\n<p><a href=\"http:\/\/galeria.mindonium.es\/thumbnails.php?album=217\" target=\"_blank\"><img loading=\"lazy\" decoding=\"async\" class=\"aligncenter size-full wp-image-6259\" src=\"http:\/\/aviones.mindonium.es\/portal\/wp-content\/uploads\/2015\/10\/0-9portada.jpg\" alt=\"\" width=\"300\" height=\"169\" \/><\/a><\/p>\n<h3><span style=\"font-size: 1.17em; font-weight: normal;\">Los Secretos en Ac\u00fastico en el Auditorio Municipal<\/span><\/h3>\n<p>El auditorio vibro con un aforo lleno bajo el ritmo de esta m\u00edtica banda que ya con mas de 30 a\u00f1os en la musica \u00a0sigue siendo un referente del pop espa\u00f1ol<\/p>\n<p><a href=\"http:\/\/galeria.mindonium.es\/thumbnails.php?album=216\" target=\"_blank\">ver fotos <\/a><\/p>\n<p><a href=\"http:\/\/galeria.mindonium.es\/thumbnails.php?album=216\" target=\"_blank\"><img loading=\"lazy\" decoding=\"async\" class=\"aligncenter size-full wp-image-6253\" src=\"http:\/\/aviones.mindonium.es\/portal\/wp-content\/uploads\/2015\/10\/0-13-portada.jpg\" alt=\"\" width=\"300\" height=\"169\" \/><\/a><\/p>\n<h3>Fotograf\u00edas del d\u00eda grande de las San Lucas<\/h3>\n<p>Miles de personas tuvieron como referente a Mondo\u00f1edo para disfrutar de la feria m\u00e1s antigua de Galicia , acompa\u00f1ados de un tiempo que dejo que la ciudad reluciera en un d\u00eda tan se\u00f1alado como es el 18 de Octubre<\/p>\n<p><a href=\"http:\/\/galeria.mindonium.es\/thumbnails.php?album=215\" target=\"_blank\">Ver fotos <\/a><\/p>\n<p><a href=\"http:\/\/galeria.mindonium.es\/thumbnails.php?album=215\" target=\"_blank\"><img loading=\"lazy\" decoding=\"async\" class=\"aligncenter size-full wp-image-6250\" src=\"http:\/\/aviones.mindonium.es\/portal\/wp-content\/uploads\/2015\/10\/o-20portada.jpg\" alt=\"\" width=\"300\" height=\"169\" \/><\/a><\/p>\n<h3>Primeras fotos de las San Lucas<\/h3>\n<h3><span style=\"font-size: 13px; font-weight: normal;\">Inauguramos el \u00e1lbum de las San Lucas con las primeras fotos del viernes, donde ya tuvo \u00a0lugar \u00a0un sin\u00a0 fin \u00a0eventos , como la ofrenda al Mariscal Pardo de Cela , representaci\u00f3n de obra de teatro en la catedral y el\u00a0 preg\u00f3n en el auditorio ofrecido por Jenaro Castro Mui\u00f1a<\/span><\/h3>\n<p><span style=\"font-size: 13px; font-weight: normal;\"><a href=\"http:\/\/galeria.mindonium.es\/thumbnails.php?album=214\" target=\"_blank\">Ver fotos<\/a><\/span><\/p>\n<p><span style=\"font-size: 13px; font-weight: normal;\"><a href=\"http:\/\/galeria.mindonium.es\/thumbnails.php?album=214\" target=\"_blank\"><img loading=\"lazy\" decoding=\"async\" class=\"aligncenter size-full wp-image-6243\" src=\"http:\/\/aviones.mindonium.es\/portal\/wp-content\/uploads\/2015\/10\/0-22-Portada.jpg\" alt=\"\" width=\"300\" height=\"169\" \/><\/a><br \/>\n<\/span><\/p>\n<p><a href=\"http:\/\/www.mindonium.es\/\">Volver<\/a><\/p>\n<p>&nbsp;<\/p>\n<p><span style=\"font-size: 13px; font-weight: normal;\"><br \/>\n<\/span><\/p>\n<p><span style=\"font-size: 13px; font-weight: normal;\"><br \/>\n<\/span><\/p>\n<p>&nbsp;<\/p>\n<p>&nbsp;<\/p>\n<p>&nbsp;<\/p>\n<p>&nbsp;<\/p>\n","protected":false},"excerpt":{"rendered":"<p>Voces Da Paula vuelve a llenar el campo de los Remedios Una vez m\u00e1s la gala Mindoniense hecha por Mindonienses<\/p>\n","protected":false},"author":1,"featured_media":0,"comment_status":"closed","ping_status":"closed","sticky":false,"template":"","format":"standard","meta":{"colormag_page_container_layout":"default_layout","colormag_page_sidebar_layout":"default_layout","_s2mail":"","footnotes":""},"categories":[17],"tags":[],"_links":{"self":[{"href":"https:\/\/aviones.mindonium.es\/portal\/wp-json\/wp\/v2\/posts\/6237"}],"collection":[{"href":"https:\/\/aviones.mindonium.es\/portal\/wp-json\/wp\/v2\/posts"}],"about":[{"href":"https:\/\/aviones.mindonium.es\/portal\/wp-json\/wp\/v2\/types\/post"}],"author":[{"embeddable":true,"href":"https:\/\/aviones.mindonium.es\/portal\/wp-json\/wp\/v2\/users\/1"}],"replies":[{"embeddable":true,"href":"https:\/\/aviones.mindonium.es\/portal\/wp-json\/wp\/v2\/comments?post=6237"}],"version-history":[{"count":13,"href":"https:\/\/aviones.mindonium.es\/portal\/wp-json\/wp\/v2\/posts\/6237\/revisions"}],"predecessor-version":[{"id":7113,"href":"https:\/\/aviones.mindonium.es\/portal\/wp-json\/wp\/v2\/posts\/6237\/revisions\/7113"}],"wp:attachment":[{"href":"https:\/\/aviones.mindonium.es\/portal\/wp-json\/wp\/v2\/media?parent=6237"}],"wp:term":[{"taxonomy":"category","embeddable":true,"href":"https:\/\/aviones.mindonium.es\/portal\/wp-json\/wp\/v2\/categories?post=6237"},{"taxonomy":"post_tag","embeddable":true,"href":"https:\/\/aviones.mindonium.es\/portal\/wp-json\/wp\/v2\/tags?post=6237"}],"curies":[{"name":"wp","href":"https:\/\/api.w.org\/{rel}","templated":true}]}}