{"id":6230,"date":"2015-10-15T14:48:00","date_gmt":"2015-10-15T14:48:00","guid":{"rendered":"http:\/\/aviones.mindonium.es\/portal\/?p=6230"},"modified":"2018-08-12T18:04:11","modified_gmt":"2018-08-12T18:04:11","slug":"o-numero-de-visitantes-a-mondonedo-incrementouse-en-preto-dun-20-respecto-ao-2014","status":"publish","type":"post","link":"https:\/\/aviones.mindonium.es\/portal\/2015\/10\/15\/o-numero-de-visitantes-a-mondonedo-incrementouse-en-preto-dun-20-respecto-ao-2014\/","title":{"rendered":"O n\u00famero de visitantes a Mondo\u00f1edo incrementouse en preto dun 20% respecto ao 2014"},"content":{"rendered":"<p>Mondo\u00f1edo, 14 de outubro de 2015.- A alcaldesa de Mondo\u00f1edo, Elena Candia, fixo balance hoxe do n\u00famero de visitantes que se desprazaron ata a localidade segundo datos recollidos pola Oficinal de Turismo no que vai de 2015 e que amosan un incremento anual no n\u00famero de turistas de entorno ao 20%.<\/p>\n<p>A alcaldesa cualifica o ano 2015 de \u201cmoi positivo\u201d, feito que, segundo a popular, reafirma o compromiso do Goberno local, que aposta polo turismo \u201ccomo o futuro de Mondo\u00f1edo\u201d.<\/p>\n<p>Dun xeito m\u00e1is concreto, o informe cos datos xerais da Oficina de Turismo contabiliza entre os meses de xaneiro e setembro un total de 15.334 visitantes, fronte aos 13.182 do ano 2014 e aos 11.630 do 2013.<\/p>\n<p>Se a an\u00e1lise se fai por meses, destaca o incremento no n\u00famero de visitantes recibidos nos meses de xu\u00f1o e setembro. En xu\u00f1o, aumentan nun 34% o n\u00famero de visitantes contabilizados pola Oficina de Turismo, mentres que en setembro foron un 21% m\u00e1is o n\u00famero de persoas que se decidiron por visitar a localidade.<\/p>\n<p>Estes datos ref\u00edrense a visitantes (individuais, familias, peregrinos e \u00a0grupos) que pasan pola Oficina de Turismo. Polo tanto, hai que ter en conta que durante os meses de xullo e agosto a Oficina de Turismo non xestionou directamente o albergue e a maiores, \u00e9 moi importante facer fincap\u00e9 noutros datos como os dos turistas que visitan a Catedral, que superan os 34.000.<\/p>\n<p>De todos os modos, \u201cas\u00famese o 2015 como un ano moi positivo cun incremento acumulado anual no n\u00famero de visitantes\u201d, matiza Candia. \u00a0Neste senso, \u00a0a alcaldesa de Mondo\u00f1edo explica que o Goberno local \u201cten moi presente o turismo como un dos sectores dinamizadores da econom\u00eda e polo que pasa o futuro do noso municipio\u201d. Nesta li\u00f1a de traballo de fomento do turismo, os populares materializaron iniciativas na oposici\u00f3n, como foi a celebraci\u00f3n de diferentes xornadas co turismo como eixo central. No Goberno \u201c\u00e9 unha das nosas preocupaci\u00f3ns, polo que faremos unha forte aposta por continuar a mellorar os puntos frouxos e facer do turismo unha fonte de riqueza para a localidade\u201d.<\/p>\n<p><a href=\"http:\/\/www.mindonium.es\/\">Volver<\/a><\/p>\n<p>&nbsp;<\/p>\n","protected":false},"excerpt":{"rendered":"<p>Mondo\u00f1edo, 14 de outubro de 2015.- A alcaldesa de Mondo\u00f1edo, Elena Candia, fixo balance hoxe do n\u00famero de visitantes que<\/p>\n","protected":false},"author":1,"featured_media":0,"comment_status":"closed","ping_status":"closed","sticky":false,"template":"","format":"standard","meta":{"colormag_page_container_layout":"default_layout","colormag_page_sidebar_layout":"default_layout","_s2mail":"","footnotes":""},"categories":[17],"tags":[],"_links":{"self":[{"href":"https:\/\/aviones.mindonium.es\/portal\/wp-json\/wp\/v2\/posts\/6230"}],"collection":[{"href":"https:\/\/aviones.mindonium.es\/portal\/wp-json\/wp\/v2\/posts"}],"about":[{"href":"https:\/\/aviones.mindonium.es\/portal\/wp-json\/wp\/v2\/types\/post"}],"author":[{"embeddable":true,"href":"https:\/\/aviones.mindonium.es\/portal\/wp-json\/wp\/v2\/users\/1"}],"replies":[{"embeddable":true,"href":"https:\/\/aviones.mindonium.es\/portal\/wp-json\/wp\/v2\/comments?post=6230"}],"version-history":[{"count":2,"href":"https:\/\/aviones.mindonium.es\/portal\/wp-json\/wp\/v2\/posts\/6230\/revisions"}],"predecessor-version":[{"id":6232,"href":"https:\/\/aviones.mindonium.es\/portal\/wp-json\/wp\/v2\/posts\/6230\/revisions\/6232"}],"wp:attachment":[{"href":"https:\/\/aviones.mindonium.es\/portal\/wp-json\/wp\/v2\/media?parent=6230"}],"wp:term":[{"taxonomy":"category","embeddable":true,"href":"https:\/\/aviones.mindonium.es\/portal\/wp-json\/wp\/v2\/categories?post=6230"},{"taxonomy":"post_tag","embeddable":true,"href":"https:\/\/aviones.mindonium.es\/portal\/wp-json\/wp\/v2\/tags?post=6230"}],"curies":[{"name":"wp","href":"https:\/\/api.w.org\/{rel}","templated":true}]}}