{"id":5468,"date":"2014-10-25T13:16:17","date_gmt":"2014-10-25T13:16:17","guid":{"rendered":"http:\/\/aviones.mindonium.es\/portal\/?p=5468"},"modified":"2018-08-12T18:04:17","modified_gmt":"2018-08-12T18:04:17","slug":"voces-da-paula-video-completo","status":"publish","type":"post","link":"https:\/\/aviones.mindonium.es\/portal\/2014\/10\/25\/voces-da-paula-video-completo\/","title":{"rendered":"Voces da Paula (v\u00eddeo completo )"},"content":{"rendered":"<p>Como ya public\u00e1bamos anteriormente , la gala musical &#8221; voces da Paula &#8221; que tuvo lugar el ultimo d\u00eda y poniendo el broche de oro a las San Lucas 2014 , tuvo un \u00e9xito espectacular , ahora publicamos el v\u00eddeo completo , por gentileza de &#8221; Juan Carlos Otero Corral &#8221; , gracias por enviarlo al correo de la web.<\/p>\n<p>&nbsp;<\/p>\n<p><iframe loading=\"lazy\" width=\"500\" height=\"385\" src=\"\/\/www.youtube.com\/embed\/6Gxx9wTkBKc?rel=0\" frameborder=\"0\" allowfullscreen><\/iframe><\/p>\n","protected":false},"excerpt":{"rendered":"<p>Como ya public\u00e1bamos anteriormente , la gala musical &#8221; voces da Paula &#8221; que tuvo lugar el ultimo d\u00eda y<\/p>\n","protected":false},"author":1,"featured_media":0,"comment_status":"closed","ping_status":"closed","sticky":false,"template":"","format":"standard","meta":{"colormag_page_container_layout":"default_layout","colormag_page_sidebar_layout":"default_layout","_s2mail":"yes","footnotes":""},"categories":[17],"tags":[],"_links":{"self":[{"href":"https:\/\/aviones.mindonium.es\/portal\/wp-json\/wp\/v2\/posts\/5468"}],"collection":[{"href":"https:\/\/aviones.mindonium.es\/portal\/wp-json\/wp\/v2\/posts"}],"about":[{"href":"https:\/\/aviones.mindonium.es\/portal\/wp-json\/wp\/v2\/types\/post"}],"author":[{"embeddable":true,"href":"https:\/\/aviones.mindonium.es\/portal\/wp-json\/wp\/v2\/users\/1"}],"replies":[{"embeddable":true,"href":"https:\/\/aviones.mindonium.es\/portal\/wp-json\/wp\/v2\/comments?post=5468"}],"version-history":[{"count":11,"href":"https:\/\/aviones.mindonium.es\/portal\/wp-json\/wp\/v2\/posts\/5468\/revisions"}],"predecessor-version":[{"id":7136,"href":"https:\/\/aviones.mindonium.es\/portal\/wp-json\/wp\/v2\/posts\/5468\/revisions\/7136"}],"wp:attachment":[{"href":"https:\/\/aviones.mindonium.es\/portal\/wp-json\/wp\/v2\/media?parent=5468"}],"wp:term":[{"taxonomy":"category","embeddable":true,"href":"https:\/\/aviones.mindonium.es\/portal\/wp-json\/wp\/v2\/categories?post=5468"},{"taxonomy":"post_tag","embeddable":true,"href":"https:\/\/aviones.mindonium.es\/portal\/wp-json\/wp\/v2\/tags?post=5468"}],"curies":[{"name":"wp","href":"https:\/\/api.w.org\/{rel}","templated":true}]}}