{"id":5458,"date":"2014-10-22T12:37:58","date_gmt":"2014-10-22T12:37:58","guid":{"rendered":"http:\/\/aviones.mindonium.es\/portal\/?p=5458"},"modified":"2018-08-12T18:04:17","modified_gmt":"2018-08-12T18:04:17","slug":"san-lucas-2014-voces-da-paula-y-orquesta-tekila","status":"publish","type":"post","link":"https:\/\/aviones.mindonium.es\/portal\/2014\/10\/22\/san-lucas-2014-voces-da-paula-y-orquesta-tekila\/","title":{"rendered":"San Lucas 2014 , Voces da Paula y orquesta Tekila"},"content":{"rendered":"<p><span style=\"color: #000000;\">No pudieron terminar mejor las las San Lucas 2014 , con &#8221; voces da Paula y la orquesta Tekila &#8221; , el palco de la Tekila se lleno de artistas Mindonienses , espectacular potencial art\u00edstico que tiene Mondo\u00f1edo , un campo abarrotado para ver y disfrutar de un espect\u00e1culo que puso el broche de oro a unas exitosas San Lucas 2014 &#8221; voces da Paula &#8221; <\/span><\/p>\n<p><a href=\"http:\/\/galeria.mindonium.es\/thumbnails.php?album=183\" target=\"_blank\">Ver fotos <\/a><\/p>\n<p><a href=\"http:\/\/galeria.mindonium.es\/thumbnails.php?album=183\" target=\"_blank\"><img loading=\"lazy\" decoding=\"async\" class=\"aligncenter size-full wp-image-5459\" src=\"http:\/\/aviones.mindonium.es\/portal\/wp-content\/uploads\/2014\/10\/0-26-portada.jpg\" alt=\"\" width=\"400\" height=\"193\" srcset=\"https:\/\/aviones.mindonium.es\/portal\/wp-content\/uploads\/2014\/10\/0-26-portada.jpg 400w, https:\/\/aviones.mindonium.es\/portal\/wp-content\/uploads\/2014\/10\/0-26-portada-300x144.jpg 300w\" sizes=\"(max-width: 400px) 100vw, 400px\" \/><\/a><\/p>\n<p><a href=\"http:\/\/www.mindonium.es\/\">Volver a inicio<\/a><a href=\"http:\/\/www.mindonium.es\"><br \/>\n<\/a> <span style=\"color: #808080;\">mindonium.es \u201cel portal de todos los Mindonienses\u201d<\/span><a href=\"http:\/\/aviones.mindonium.es\/portal\/wp-login.php?action=register\"><br \/>\n<\/a><span style=\"color: #808080;\">Te gustar\u00eda recibir las publicaciones en tu correo?<\/span><a href=\"http:\/\/aviones.mindonium.es\/portal\/wp-login.php?action=register\"> <\/a><a href=\"http:\/\/aviones.mindonium.es\/portal\/wp-login.php?action=register\">Reg\u00edstrate<\/a><\/p>\n","protected":false},"excerpt":{"rendered":"<p>No pudieron terminar mejor las las San Lucas 2014 , con &#8221; voces da Paula y la orquesta Tekila &#8221;<\/p>\n","protected":false},"author":1,"featured_media":0,"comment_status":"closed","ping_status":"closed","sticky":false,"template":"","format":"standard","meta":{"colormag_page_container_layout":"default_layout","colormag_page_sidebar_layout":"default_layout","_s2mail":"yes","footnotes":""},"categories":[17],"tags":[],"_links":{"self":[{"href":"https:\/\/aviones.mindonium.es\/portal\/wp-json\/wp\/v2\/posts\/5458"}],"collection":[{"href":"https:\/\/aviones.mindonium.es\/portal\/wp-json\/wp\/v2\/posts"}],"about":[{"href":"https:\/\/aviones.mindonium.es\/portal\/wp-json\/wp\/v2\/types\/post"}],"author":[{"embeddable":true,"href":"https:\/\/aviones.mindonium.es\/portal\/wp-json\/wp\/v2\/users\/1"}],"replies":[{"embeddable":true,"href":"https:\/\/aviones.mindonium.es\/portal\/wp-json\/wp\/v2\/comments?post=5458"}],"version-history":[{"count":7,"href":"https:\/\/aviones.mindonium.es\/portal\/wp-json\/wp\/v2\/posts\/5458\/revisions"}],"predecessor-version":[{"id":7137,"href":"https:\/\/aviones.mindonium.es\/portal\/wp-json\/wp\/v2\/posts\/5458\/revisions\/7137"}],"wp:attachment":[{"href":"https:\/\/aviones.mindonium.es\/portal\/wp-json\/wp\/v2\/media?parent=5458"}],"wp:term":[{"taxonomy":"category","embeddable":true,"href":"https:\/\/aviones.mindonium.es\/portal\/wp-json\/wp\/v2\/categories?post=5458"},{"taxonomy":"post_tag","embeddable":true,"href":"https:\/\/aviones.mindonium.es\/portal\/wp-json\/wp\/v2\/tags?post=5458"}],"curies":[{"name":"wp","href":"https:\/\/api.w.org\/{rel}","templated":true}]}}