{"id":528,"date":"2011-04-30T07:03:57","date_gmt":"2011-04-30T07:03:57","guid":{"rendered":"http:\/\/aviones.mindonium.es\/portal\/?p=528"},"modified":"2018-08-12T18:06:12","modified_gmt":"2018-08-12T18:06:12","slug":"pimeras-fotos-quendas-2011","status":"publish","type":"post","link":"https:\/\/aviones.mindonium.es\/portal\/2011\/04\/30\/pimeras-fotos-quendas-2011\/","title":{"rendered":"Pimeras fotos quendas 2011"},"content":{"rendered":"<p>Con la salida de la comitiva hacia el Auditorio Municipal y el preg\u00f3n ofrecido por  D. Francisco Pi\u00f1eiro Gonzalez ,  maestro y escritor Mindoniense y la actuaci\u00f3n del Coro Mestre Pacheco , inauguramos la galer\u00eda de las Quendas 2011 que ( poco a poco ) ir\u00e9 ampliando con mas fotograf\u00edas  y v\u00eddeos de estas fiestas<\/p>\n<p>Clica en la im\u00e1gen para ver las fotos <a title=\"Quendas 2011\" href=\"http:\/\/galeria.mindonium.es\/thumbnails.php?album=85\" target=\"_blank\">o desde aqu\u00ed <\/a><\/p>\n<p><a title=\"Quendas 2011\" href=\"http:\/\/galeria.mindonium.es\/thumbnails.php?album=85\" target=\"_blank\"><img loading=\"lazy\" decoding=\"async\" class=\"aligncenter size-full wp-image-529\" src=\"http:\/\/aviones.mindonium.es\/portal\/wp-content\/uploads\/2011\/04\/portada_viernes.jpg\" alt=\"\" width=\"314\" height=\"210\" srcset=\"https:\/\/aviones.mindonium.es\/portal\/wp-content\/uploads\/2011\/04\/portada_viernes.jpg 314w, https:\/\/aviones.mindonium.es\/portal\/wp-content\/uploads\/2011\/04\/portada_viernes-300x200.jpg 300w\" sizes=\"(max-width: 314px) 100vw, 314px\" \/><\/a><\/p>\n","protected":false},"excerpt":{"rendered":"<p>Con la salida de la comitiva hacia el Auditorio Municipal y el preg\u00f3n ofrecido por D. Francisco Pi\u00f1eiro Gonzalez ,<\/p>\n","protected":false},"author":1,"featured_media":0,"comment_status":"closed","ping_status":"closed","sticky":false,"template":"","format":"standard","meta":{"colormag_page_container_layout":"default_layout","colormag_page_sidebar_layout":"default_layout","_s2mail":"","footnotes":""},"categories":[17],"tags":[],"_links":{"self":[{"href":"https:\/\/aviones.mindonium.es\/portal\/wp-json\/wp\/v2\/posts\/528"}],"collection":[{"href":"https:\/\/aviones.mindonium.es\/portal\/wp-json\/wp\/v2\/posts"}],"about":[{"href":"https:\/\/aviones.mindonium.es\/portal\/wp-json\/wp\/v2\/types\/post"}],"author":[{"embeddable":true,"href":"https:\/\/aviones.mindonium.es\/portal\/wp-json\/wp\/v2\/users\/1"}],"replies":[{"embeddable":true,"href":"https:\/\/aviones.mindonium.es\/portal\/wp-json\/wp\/v2\/comments?post=528"}],"version-history":[{"count":6,"href":"https:\/\/aviones.mindonium.es\/portal\/wp-json\/wp\/v2\/posts\/528\/revisions"}],"predecessor-version":[{"id":7281,"href":"https:\/\/aviones.mindonium.es\/portal\/wp-json\/wp\/v2\/posts\/528\/revisions\/7281"}],"wp:attachment":[{"href":"https:\/\/aviones.mindonium.es\/portal\/wp-json\/wp\/v2\/media?parent=528"}],"wp:term":[{"taxonomy":"category","embeddable":true,"href":"https:\/\/aviones.mindonium.es\/portal\/wp-json\/wp\/v2\/categories?post=528"},{"taxonomy":"post_tag","embeddable":true,"href":"https:\/\/aviones.mindonium.es\/portal\/wp-json\/wp\/v2\/tags?post=528"}],"curies":[{"name":"wp","href":"https:\/\/api.w.org\/{rel}","templated":true}]}}