{"id":4348,"date":"2013-03-24T14:20:24","date_gmt":"2013-03-24T14:20:24","guid":{"rendered":"http:\/\/aviones.mindonium.es\/portal\/?p=4348"},"modified":"2018-08-12T18:05:06","modified_gmt":"2018-08-12T18:05:06","slug":"fotografias-procesion-de-ramos","status":"publish","type":"post","link":"https:\/\/aviones.mindonium.es\/portal\/2013\/03\/24\/fotografias-procesion-de-ramos\/","title":{"rendered":"Fotograf\u00edas Semana Santa 2013"},"content":{"rendered":"<h3>Fotograf\u00edas Santo Entierro y la Soledad<\/h3>\n<p>Con las fotos del Santo Entierro y de la Soledad damos por finalizado el reportaje de fotos de la Semana Santa en Mondo\u00f1edo , que aunque estuvo pasada por agua a\u00fan se comporto para que salieran casi todas las procesiones.<\/p>\n<p><a href=\"http:\/\/galeria.mindonium.es\/thumbnails.php?album=150\" target=\"_blank\">Ver fotos<\/a><\/p>\n<p><a href=\"http:\/\/galeria.mindonium.es\/thumbnails.php?album=150\" target=\"_blank\"><img loading=\"lazy\" decoding=\"async\" class=\"aligncenter size-full wp-image-4383\" src=\"http:\/\/aviones.mindonium.es\/portal\/wp-content\/uploads\/2013\/03\/mindonium_es-11-web1.jpg\" alt=\"\" width=\"300\" height=\"201\" \/><\/a><\/p>\n<h3>Fotograf\u00edas Santo Encuentro<\/h3>\n<p>En la ma\u00f1ana del jueves el buen tiempo quiso que se realizara la procesi\u00f3n del Santo Encuentro sin ning\u00fan inconveniente incluso con momentos de sol.<\/p>\n<p><a href=\"http:\/\/galeria.mindonium.es\/thumbnails.php?album=150\" target=\"_blank\">Ver fotos<\/a><\/p>\n<p><a href=\"http:\/\/galeria.mindonium.es\/thumbnails.php?album=150\" target=\"_blank\"><img loading=\"lazy\" decoding=\"async\" class=\"aligncenter size-full wp-image-4378\" src=\"http:\/\/aviones.mindonium.es\/portal\/wp-content\/uploads\/2013\/03\/mindonium_es-9-web.jpg\" alt=\"\" width=\"300\" height=\"201\" \/><\/a><\/p>\n<h3>Fotograf\u00edas procesi\u00f3n ECCE HOMO<\/h3>\n<p>Seguimos ampliando nuestra galeria de Semana Santa con la procesi\u00f3n del ECCE HOMO , puedes ver las fotos clicando en el enlace de abajo o en la misma foto.<\/p>\n<p><a href=\"http:\/\/galeria.mindonium.es\/thumbnails.php?album=150\" target=\"_blank\">Ver fotos<\/a><\/p>\n<p><a href=\"http:\/\/galeria.mindonium.es\/thumbnails.php?album=150\" target=\"_blank\"><img loading=\"lazy\" decoding=\"async\" class=\"aligncenter size-full wp-image-4359\" src=\"http:\/\/aviones.mindonium.es\/portal\/wp-content\/uploads\/2013\/03\/web.jpg\" alt=\"\" width=\"300\" height=\"201\" \/><\/a><\/p>\n<h3>Fotograf\u00edas Domingo de Ramos<\/h3>\n<p>Ya est\u00e1n disponibles las primeras im\u00e1genes de\u00a0 la semana santa Mindoniense , con la procesi\u00f3n del Domingo de Ramos , el buen tiempo quiso que la procesi\u00f3n saliera sin ning\u00fan problema por el recorrido de costumbre para finalizar en la Catedral de Mondo\u00f1edo.<\/p>\n<p><a href=\"http:\/\/galeria.mindonium.es\/thumbnails.php?album=150\" target=\"_blank\">Ver fotos <\/a><\/p>\n<p><a href=\"http:\/\/galeria.mindonium.es\/thumbnails.php?album=150\" target=\"_blank\"><img loading=\"lazy\" decoding=\"async\" class=\"aligncenter size-full wp-image-4349\" src=\"http:\/\/aviones.mindonium.es\/portal\/wp-content\/uploads\/2013\/03\/0-3-web.jpg\" alt=\"\" width=\"300\" height=\"201\" \/><\/a><\/p>\n<p><a href=\"http:\/\/www.mindonium.es\">Volver a inicio<\/a><br \/>\n<span style=\"color: #808080;\">mindonium.es \u201cel portal de todos los Mindonienses\u201d<\/span><br \/>\n<span style=\"color: #808080;\"> Te gustar\u00eda recibir las publicaciones en tu correo?<\/span><a href=\"http:\/\/aviones.mindonium.es\/portal\/wp-login.php?action=register\"> Reg\u00edstrate<\/a><\/p>\n","protected":false},"excerpt":{"rendered":"<p>Fotograf\u00edas Santo Entierro y la Soledad Con las fotos del Santo Entierro y de la Soledad damos por finalizado el<\/p>\n","protected":false},"author":1,"featured_media":0,"comment_status":"closed","ping_status":"closed","sticky":false,"template":"","format":"standard","meta":{"colormag_page_container_layout":"default_layout","colormag_page_sidebar_layout":"default_layout","_s2mail":"yes","footnotes":""},"categories":[17],"tags":[],"_links":{"self":[{"href":"https:\/\/aviones.mindonium.es\/portal\/wp-json\/wp\/v2\/posts\/4348"}],"collection":[{"href":"https:\/\/aviones.mindonium.es\/portal\/wp-json\/wp\/v2\/posts"}],"about":[{"href":"https:\/\/aviones.mindonium.es\/portal\/wp-json\/wp\/v2\/types\/post"}],"author":[{"embeddable":true,"href":"https:\/\/aviones.mindonium.es\/portal\/wp-json\/wp\/v2\/users\/1"}],"replies":[{"embeddable":true,"href":"https:\/\/aviones.mindonium.es\/portal\/wp-json\/wp\/v2\/comments?post=4348"}],"version-history":[{"count":11,"href":"https:\/\/aviones.mindonium.es\/portal\/wp-json\/wp\/v2\/posts\/4348\/revisions"}],"predecessor-version":[{"id":7171,"href":"https:\/\/aviones.mindonium.es\/portal\/wp-json\/wp\/v2\/posts\/4348\/revisions\/7171"}],"wp:attachment":[{"href":"https:\/\/aviones.mindonium.es\/portal\/wp-json\/wp\/v2\/media?parent=4348"}],"wp:term":[{"taxonomy":"category","embeddable":true,"href":"https:\/\/aviones.mindonium.es\/portal\/wp-json\/wp\/v2\/categories?post=4348"},{"taxonomy":"post_tag","embeddable":true,"href":"https:\/\/aviones.mindonium.es\/portal\/wp-json\/wp\/v2\/tags?post=4348"}],"curies":[{"name":"wp","href":"https:\/\/api.w.org\/{rel}","templated":true}]}}