{"id":4333,"date":"2013-03-10T00:26:24","date_gmt":"2013-03-10T00:26:24","guid":{"rendered":"http:\/\/aviones.mindonium.es\/portal\/?p=4333"},"modified":"2018-08-12T18:05:06","modified_gmt":"2018-08-12T18:05:06","slug":"fotografias-xxiv-concentracion-mototuristica-a-invernal-de-galicia","status":"publish","type":"post","link":"https:\/\/aviones.mindonium.es\/portal\/2013\/03\/10\/fotografias-xxiv-concentracion-mototuristica-a-invernal-de-galicia\/","title":{"rendered":"Fotograf\u00edas XXIV concentraci\u00f3n mototur\u00edstica \u201d A INVERNAL DE GALICIA \u201c"},"content":{"rendered":"<p>El mal tiempo no quiso que en la XXIV concentraci\u00f3n de motos organizada por el moto club de Mondo\u00f1edo se llevaran a cabo todos los eventos programados para el d\u00eda del s\u00e1bado , a\u00fan as\u00ed un gran numero de moteros llegados de toda Espa\u00f1a quisieron estar presentes en la ya famosa &#8221; Invernal de Galicia &#8221; .<br \/>\n<a href=\"http:\/\/galeria.mindonium.es\/thumbnails.php?album=149\" target=\"_blank\">Ver fotograf\u00edas<\/a><\/p>\n<p><a href=\"http:\/\/galeria.mindonium.es\/thumbnails.php?album=149\" target=\"_blank\"><img loading=\"lazy\" decoding=\"async\" class=\"aligncenter size-full wp-image-4338\" src=\"http:\/\/aviones.mindonium.es\/portal\/wp-content\/uploads\/2013\/03\/0-6-web.jpg\" alt=\"\" width=\"300\" height=\"201\" \/><\/a><\/p>\n<p><a href=\"http:\/\/www.mindonium.es\">Volver a inicio<\/a><br \/>\n<span style=\"color: #808080;\">mindonium.es \u201cel portal de todos los Mindonienses\u201d<\/span><br \/>\n<span style=\"color: #808080;\"> Te gustar\u00eda recibir las publicaciones en tu correo?<\/span> <a href=\"http:\/\/aviones.mindonium.es\/portal\/wp-login.php?action=register\">Reg\u00edstrate<\/a><\/p>\n","protected":false},"excerpt":{"rendered":"<p>El mal tiempo no quiso que en la XXIV concentraci\u00f3n de motos organizada por el moto club de Mondo\u00f1edo se<\/p>\n","protected":false},"author":1,"featured_media":0,"comment_status":"closed","ping_status":"closed","sticky":false,"template":"","format":"standard","meta":{"colormag_page_container_layout":"default_layout","colormag_page_sidebar_layout":"default_layout","_s2mail":"yes","footnotes":""},"categories":[17],"tags":[],"_links":{"self":[{"href":"https:\/\/aviones.mindonium.es\/portal\/wp-json\/wp\/v2\/posts\/4333"}],"collection":[{"href":"https:\/\/aviones.mindonium.es\/portal\/wp-json\/wp\/v2\/posts"}],"about":[{"href":"https:\/\/aviones.mindonium.es\/portal\/wp-json\/wp\/v2\/types\/post"}],"author":[{"embeddable":true,"href":"https:\/\/aviones.mindonium.es\/portal\/wp-json\/wp\/v2\/users\/1"}],"replies":[{"embeddable":true,"href":"https:\/\/aviones.mindonium.es\/portal\/wp-json\/wp\/v2\/comments?post=4333"}],"version-history":[{"count":8,"href":"https:\/\/aviones.mindonium.es\/portal\/wp-json\/wp\/v2\/posts\/4333\/revisions"}],"predecessor-version":[{"id":7172,"href":"https:\/\/aviones.mindonium.es\/portal\/wp-json\/wp\/v2\/posts\/4333\/revisions\/7172"}],"wp:attachment":[{"href":"https:\/\/aviones.mindonium.es\/portal\/wp-json\/wp\/v2\/media?parent=4333"}],"wp:term":[{"taxonomy":"category","embeddable":true,"href":"https:\/\/aviones.mindonium.es\/portal\/wp-json\/wp\/v2\/categories?post=4333"},{"taxonomy":"post_tag","embeddable":true,"href":"https:\/\/aviones.mindonium.es\/portal\/wp-json\/wp\/v2\/tags?post=4333"}],"curies":[{"name":"wp","href":"https:\/\/api.w.org\/{rel}","templated":true}]}}