{"id":4295,"date":"2013-02-24T14:34:09","date_gmt":"2013-02-24T14:34:09","guid":{"rendered":"http:\/\/aviones.mindonium.es\/portal\/?p=4295"},"modified":"2018-08-12T18:05:07","modified_gmt":"2018-08-12T18:05:07","slug":"xxiv-concentracion-mototuristica-a-invernal-de-galicia","status":"publish","type":"post","link":"https:\/\/aviones.mindonium.es\/portal\/2013\/02\/24\/xxiv-concentracion-mototuristica-a-invernal-de-galicia\/","title":{"rendered":"XXIV concentraci\u00f3n mototur\u00edstica &#8221; A INVERNAL DE GALICIA &#8220;"},"content":{"rendered":"<p>Un a\u00f1o m\u00e1s \u201cel moto clube Mondo\u00f1edo\u201d os invita a que nos acompa\u00f1\u00e9is en nuestra<br \/>\nXXIV Concentraci\u00f3n, que se celebrar\u00e1 los pr\u00f3ximos d\u00edas 09 y 10<br \/>\nde Marzo, comenzando las inscripciones el S\u00e1bado d\u00eda 09 a partir<br \/>\nde las 12:00 horas en la Praza do Concello, donde se os recibir\u00e1<br \/>\ncon una cerveza y un pincho de bienvenida, adem\u00e1s de consumiciones<br \/>\npor distintos bares de la localidad, camiseta, pin conmemorativo,<br \/>\npegatina, la inscripci\u00f3n incluir\u00e1 tambi\u00e9n la cena del s\u00e1bado,<br \/>\ndesayuno y comida del domingo as\u00ed como el pincho durante la<br \/>\nruta tur\u00edstica del domingo, queimada nocturna y striptease en<br \/>\nDisco Pub A Sala.-<br \/>\nDurante la tarde se realizar\u00e1 una exhibici\u00f3n acrob\u00e1tica a cargo de<br \/>\nJAQUE STUNT y NELSON PINA en la Avd. Buenos Aires.-<br \/>\nTodos los inscritos podr\u00e1n hacer uso de las instalaciones<br \/>\npolideportivas para dormir, dotadas con servicios y duchas con<br \/>\nagua caliente, situadas en el complejo deportivo \u201cVi\u00f1as da Veiga\u201d,<br \/>\npreguntar a los miembros de la organizaci\u00f3n por las mismas.-<br \/>\nEl precio de la inscripci\u00f3n completa ser\u00e1 un a\u00f1o m\u00e1s de 25 \u20ac.-<br \/>\nLa media-inscripci\u00f3n que consta de una cena o comida, pin y<br \/>\npegatina conmemorativo ser\u00e1 de 18 \u20ac.-<br \/>\nLa inscripci\u00f3n anticipada ser\u00e1 de 23 \u20ac, para aquellos que la realicen<br \/>\nantes del d\u00eda 07 de Marzo, en la cuenta de Banco Pastor n\u00famero<br \/>\n0072-0205-03-0000203371.-<br \/>\nPara obtener m\u00e1s informaci\u00f3n, pod\u00e9is visitar su\u00a0 p\u00e1gina<br \/>\nweb <a href=\"http:\/\/www.facebook.com\/l.php?u=http%3A%2F%2Fwww.motomondonedo.com&amp;h=FAQFYSuAI&amp;s=1\" target=\"_blank\">www.motomondonedo.com<\/a> o tambi\u00e9n su \u00a0Facebook <a href=\"https:\/\/www.facebook.com\/motoclube.mondonedo\" target=\"_blank\">https:\/\/www.facebook.com\/motoclube.mondonedo<\/a> la cual se ir\u00e1 actualizando d\u00eda a d\u00eda.<\/p>\n<p><strong>Programa :<\/strong><\/p>\n<p><strong><a href=\"http:\/\/aviones.mindonium.es\/portal\/wp-content\/uploads\/2013\/02\/imagen-3.jpg\" target=\"_blank\"><img loading=\"lazy\" decoding=\"async\" class=\"aligncenter size-medium wp-image-4299\" src=\"http:\/\/aviones.mindonium.es\/portal\/wp-content\/uploads\/2013\/02\/imagen-3-208x300.jpg\" alt=\"\" width=\"208\" height=\"300\" srcset=\"https:\/\/aviones.mindonium.es\/portal\/wp-content\/uploads\/2013\/02\/imagen-3-208x300.jpg 208w, https:\/\/aviones.mindonium.es\/portal\/wp-content\/uploads\/2013\/02\/imagen-3-400x575.jpg 400w, https:\/\/aviones.mindonium.es\/portal\/wp-content\/uploads\/2013\/02\/imagen-3.jpg 668w\" sizes=\"(max-width: 208px) 100vw, 208px\" \/><\/a><br \/>\n<\/strong><\/p>\n<p><strong>Cartel :<\/strong><\/p>\n<p><a href=\"http:\/\/aviones.mindonium.es\/portal\/wp-content\/uploads\/2013\/02\/imagen-1.jpg\" target=\"_blank\"><img loading=\"lazy\" decoding=\"async\" class=\"aligncenter size-medium wp-image-4302\" src=\"http:\/\/aviones.mindonium.es\/portal\/wp-content\/uploads\/2013\/02\/imagen-1-213x300.jpg\" alt=\"\" width=\"213\" height=\"300\" srcset=\"https:\/\/aviones.mindonium.es\/portal\/wp-content\/uploads\/2013\/02\/imagen-1-213x300.jpg 213w, https:\/\/aviones.mindonium.es\/portal\/wp-content\/uploads\/2013\/02\/imagen-1-400x561.jpg 400w, https:\/\/aviones.mindonium.es\/portal\/wp-content\/uploads\/2013\/02\/imagen-1.jpg 684w\" sizes=\"(max-width: 213px) 100vw, 213px\" \/><\/a><\/p>\n<p>Puedes adquirirla en el <a href=\"https:\/\/www.facebook.com\/barmini.mondonedo\" target=\"_blank\">Bar Mini Mondo\u00f1edo,<\/a> <a href=\"https:\/\/www.facebook.com\/oporrino.mondonedo\" target=\"_blank\">O Porri\u00f1o Mondo\u00f1edo<\/a>, Caf\u00e9 Bar Castro, Disco Pub A Sala o por medio de los socios del MC Ruta N-634 a un m\u00f3dico precio de 6 \u20ac.-<br \/>\nGracias por colaborar.<\/p>\n<p><a href=\"http:\/\/aviones.mindonium.es\/portal\/wp-content\/uploads\/2013\/02\/imagen-2.jpg\" target=\"_blank\"><img loading=\"lazy\" decoding=\"async\" class=\"aligncenter size-medium wp-image-4304\" src=\"http:\/\/aviones.mindonium.es\/portal\/wp-content\/uploads\/2013\/02\/imagen-2-295x300.jpg\" alt=\"\" width=\"295\" height=\"300\" srcset=\"https:\/\/aviones.mindonium.es\/portal\/wp-content\/uploads\/2013\/02\/imagen-2-295x300.jpg 295w, https:\/\/aviones.mindonium.es\/portal\/wp-content\/uploads\/2013\/02\/imagen-2-400x405.jpg 400w, https:\/\/aviones.mindonium.es\/portal\/wp-content\/uploads\/2013\/02\/imagen-2.jpg 947w\" sizes=\"(max-width: 295px) 100vw, 295px\" \/><\/a><\/p>\n<p><a href=\"http:\/\/www.mindonium.es\">Volver a inicio<\/a><br \/>\n<span style=\"color: #808080;\">mindonium.es \u201cel portal de todos los Mindonienses\u201d<\/span><br \/>\n<span style=\"color: #808080;\"> Te gustar\u00eda recibir las publicaciones en tu correo?<\/span><a href=\"http:\/\/aviones.mindonium.es\/portal\/wp-login.php?action=register\"> Reg\u00edstrate<\/a><\/p>\n","protected":false},"excerpt":{"rendered":"<p>Un a\u00f1o m\u00e1s \u201cel moto clube Mondo\u00f1edo\u201d os invita a que nos acompa\u00f1\u00e9is en nuestra XXIV Concentraci\u00f3n, que se celebrar\u00e1<\/p>\n","protected":false},"author":1,"featured_media":0,"comment_status":"closed","ping_status":"closed","sticky":false,"template":"","format":"standard","meta":{"colormag_page_container_layout":"default_layout","colormag_page_sidebar_layout":"default_layout","_s2mail":"yes","footnotes":""},"categories":[17],"tags":[],"_links":{"self":[{"href":"https:\/\/aviones.mindonium.es\/portal\/wp-json\/wp\/v2\/posts\/4295"}],"collection":[{"href":"https:\/\/aviones.mindonium.es\/portal\/wp-json\/wp\/v2\/posts"}],"about":[{"href":"https:\/\/aviones.mindonium.es\/portal\/wp-json\/wp\/v2\/types\/post"}],"author":[{"embeddable":true,"href":"https:\/\/aviones.mindonium.es\/portal\/wp-json\/wp\/v2\/users\/1"}],"replies":[{"embeddable":true,"href":"https:\/\/aviones.mindonium.es\/portal\/wp-json\/wp\/v2\/comments?post=4295"}],"version-history":[{"count":13,"href":"https:\/\/aviones.mindonium.es\/portal\/wp-json\/wp\/v2\/posts\/4295\/revisions"}],"predecessor-version":[{"id":4312,"href":"https:\/\/aviones.mindonium.es\/portal\/wp-json\/wp\/v2\/posts\/4295\/revisions\/4312"}],"wp:attachment":[{"href":"https:\/\/aviones.mindonium.es\/portal\/wp-json\/wp\/v2\/media?parent=4295"}],"wp:term":[{"taxonomy":"category","embeddable":true,"href":"https:\/\/aviones.mindonium.es\/portal\/wp-json\/wp\/v2\/categories?post=4295"},{"taxonomy":"post_tag","embeddable":true,"href":"https:\/\/aviones.mindonium.es\/portal\/wp-json\/wp\/v2\/tags?post=4295"}],"curies":[{"name":"wp","href":"https:\/\/api.w.org\/{rel}","templated":true}]}}