{"id":4281,"date":"2013-02-12T15:25:21","date_gmt":"2013-02-12T15:25:21","guid":{"rendered":"http:\/\/aviones.mindonium.es\/portal\/?p=4281"},"modified":"2018-08-12T18:05:07","modified_gmt":"2018-08-12T18:05:07","slug":"plan-de-desarrollo-turistico-en-mondonedo","status":"publish","type":"post","link":"https:\/\/aviones.mindonium.es\/portal\/2013\/02\/12\/plan-de-desarrollo-turistico-en-mondonedo\/","title":{"rendered":"Plan de desarrollo tur\u00edstico en Mondo\u00f1edo"},"content":{"rendered":"<p>El d\u00eda 8 de febrero se presento en el Salan de Actos da Casa da Xuventude las \u201cDirectrices do plan Estrat\u00e9gico do Turismo en Mondo\u00f1edo\u201d dirigido por el Concello con el apoyo de la Diputaci\u00f3n de Lugo. El plan dise\u00f1ado por la t\u00e9cnica en implantaci\u00f3n de proyectos tur\u00edsticos Claudia del Pino fue presentado por su autora, el responsable del \u00e1rea de turismo de Mondo\u00f1edo Xusto Fern\u00e1ndez, el vicepresidente de la Diputaci\u00f3n Antonio Veiga y el Sr Alcalde de Mondo\u00f1edo Don Orlando Gonz\u00e1lez Cruz quienes informaron a los asistentes, asociaciones y responsables del gremio de hostelera las estrategias y actuaciones dise\u00f1adas para que su total implantaci\u00f3n este dando frutos en el 2017<\/p>\n<p><a href=\"http:\/\/www.mindonium.es\">Volver a inicio<\/a><br \/>\n<span style=\"color: #808080;\">mindonium.es \u201cel portal de todos los Mindonienses\u201d<\/span><br \/>\n<span style=\"color: #808080;\"> Te gustar\u00eda recibir las publicaciones en tu correo?<\/span><a href=\"http:\/\/aviones.mindonium.es\/portal\/wp-login.php?action=register\"> Reg\u00edstrate<\/a><\/p>\n<p>&nbsp;<\/p>\n","protected":false},"excerpt":{"rendered":"<p>El d\u00eda 8 de febrero se presento en el Salan de Actos da Casa da Xuventude las \u201cDirectrices do plan<\/p>\n","protected":false},"author":1,"featured_media":0,"comment_status":"closed","ping_status":"closed","sticky":false,"template":"","format":"standard","meta":{"colormag_page_container_layout":"default_layout","colormag_page_sidebar_layout":"default_layout","_s2mail":"yes","footnotes":""},"categories":[17],"tags":[],"_links":{"self":[{"href":"https:\/\/aviones.mindonium.es\/portal\/wp-json\/wp\/v2\/posts\/4281"}],"collection":[{"href":"https:\/\/aviones.mindonium.es\/portal\/wp-json\/wp\/v2\/posts"}],"about":[{"href":"https:\/\/aviones.mindonium.es\/portal\/wp-json\/wp\/v2\/types\/post"}],"author":[{"embeddable":true,"href":"https:\/\/aviones.mindonium.es\/portal\/wp-json\/wp\/v2\/users\/1"}],"replies":[{"embeddable":true,"href":"https:\/\/aviones.mindonium.es\/portal\/wp-json\/wp\/v2\/comments?post=4281"}],"version-history":[{"count":3,"href":"https:\/\/aviones.mindonium.es\/portal\/wp-json\/wp\/v2\/posts\/4281\/revisions"}],"predecessor-version":[{"id":4284,"href":"https:\/\/aviones.mindonium.es\/portal\/wp-json\/wp\/v2\/posts\/4281\/revisions\/4284"}],"wp:attachment":[{"href":"https:\/\/aviones.mindonium.es\/portal\/wp-json\/wp\/v2\/media?parent=4281"}],"wp:term":[{"taxonomy":"category","embeddable":true,"href":"https:\/\/aviones.mindonium.es\/portal\/wp-json\/wp\/v2\/categories?post=4281"},{"taxonomy":"post_tag","embeddable":true,"href":"https:\/\/aviones.mindonium.es\/portal\/wp-json\/wp\/v2\/tags?post=4281"}],"curies":[{"name":"wp","href":"https:\/\/api.w.org\/{rel}","templated":true}]}}