{"id":4262,"date":"2013-02-09T19:53:45","date_gmt":"2013-02-09T19:53:45","guid":{"rendered":"http:\/\/aviones.mindonium.es\/portal\/?p=4262"},"modified":"2018-08-12T18:05:07","modified_gmt":"2018-08-12T18:05:07","slug":"carnavales-2013-infantiles","status":"publish","type":"post","link":"https:\/\/aviones.mindonium.es\/portal\/2013\/02\/09\/carnavales-2013-infantiles\/","title":{"rendered":"Fotograf\u00edas carnavales 2013"},"content":{"rendered":"<p>Ya tenemos disponibles en nuestra galer\u00eda todas las fotos del baile de disfraces en Mondo\u00f1edo, el d\u00eda estuvo estupendo para que las calles de Mondo\u00f1edo se llenaran de colorido con la gran variedad de disfraces que acudieron un a\u00f1o m\u00e1s a nuestra ciudad.<\/p>\n<p><strong>DISFRACES PREMIADOS:<\/strong><br \/>\n<span style=\"text-decoration: underline;\">Individual infantil:<\/span> 1\u00ba Robot, 2\u00ba Princesa guerreira, 3\u00ba dous por un. <span style=\"text-decoration: underline;\">Parejas infantil:<\/span> 1\u00ba Rico mexill\u00f3n, 2\u00ba Fadas da primavera, 3\u00ba Katy gominolas. <span style=\"text-decoration: underline;\">Grupos infantiles:<\/span> 1\u00ba A min a llas, 2\u00ba Polo norte, 3\u00ba Bodegas dos pelamios. <span style=\"text-decoration: underline;\">Individual adulto:<\/span> 1\u00ba Tarde en las carreras, 2\u00ba \u00c1frica, 3\u00ba Princesa cisne. <span style=\"text-decoration: underline;\">Parejas adulto:<\/span> 1\u00ba Calcetando pl\u00e1stico, 2\u00ba Perrito caliente, 3\u00ba Don Grelo e Dona Rosca. <span style=\"text-decoration: underline;\">Grupos de 3 a 10:<\/span> 1\u00ba Trasnos, 2\u00ba Viaducto de Lind\u00edn, 3\u00ba Circo de Miliki. <span style=\"text-decoration: underline;\">Grupos de m\u00e1s de 10:<\/span> 1\u00ba Musical Rey Le\u00f3n, 2\u00ba La Bella y la Bestia, 3\u00ba Gatilandia. <span style=\"text-decoration: underline;\">Comparsas:<\/span> 1\u00ba Ruxe ruxe, 2\u00ba Sen Xeito, 3\u00ba A Choca.<\/p>\n<p><a href=\"http:\/\/galeria.mindonium.es\/thumbnails.php?album=148\" target=\"_blank\">Ver fotograf\u00edas<\/a><\/p>\n<p><a href=\"http:\/\/galeria.mindonium.es\/thumbnails.php?album=148\" target=\"_blank\"><img loading=\"lazy\" decoding=\"async\" class=\"aligncenter size-full wp-image-4288\" src=\"http:\/\/aviones.mindonium.es\/portal\/wp-content\/uploads\/2013\/02\/0-19-web.jpg\" alt=\"\" width=\"300\" height=\"201\" \/><\/a><\/p>\n<p>Una vez m\u00e1s te traemos las mejores im\u00e1genes de los eventos que se van realizando en nuestra ciudad de Mondo\u00f1edo, a la mayor calidad posible que nos permite nuestro servidor paraqu\u00e9 puedas disfrutar de ellas, en este caso comenzamos con los carnavales 2013 y el baile de disfraces infantil que se celebr\u00f3 este S\u00e1bado en el pabell\u00f3n de Mondo\u00f1edo organizado por \u201cANPA del CEIP \u201c\u00c1lvaro Cunqueiro Mora\u201d.<\/p>\n<p><a href=\"http:\/\/galeria.mindonium.es\/thumbnails.php?album=148\" target=\"_blank\">Ver fotograf\u00edas<\/a><\/p>\n<p><a href=\"http:\/\/galeria.mindonium.es\/thumbnails.php?album=148\" target=\"_blank\"><img loading=\"lazy\" decoding=\"async\" class=\"aligncenter size-full wp-image-4265\" src=\"http:\/\/aviones.mindonium.es\/portal\/wp-content\/uploads\/2013\/02\/0-13-web1.jpg\" alt=\"\" width=\"201\" height=\"300\" \/><\/a><\/p>\n<p><a href=\"http:\/\/www.mindonium.es\">Volver a inicio<\/a><br \/>\n<span style=\"color: #808080;\">mindonium.es \u201cel portal de todos los Mindonienses\u201d<\/span><br \/>\n<span style=\"color: #808080;\"> Te gustar\u00eda recibir las publicaciones en tu correo?<\/span><a href=\"http:\/\/aviones.mindonium.es\/portal\/wp-login.php?action=register\"> Reg\u00edstrate<\/a><\/p>\n<p>&nbsp;<\/p>\n","protected":false},"excerpt":{"rendered":"<p>Ya tenemos disponibles en nuestra galer\u00eda todas las fotos del baile de disfraces en Mondo\u00f1edo, el d\u00eda estuvo estupendo para<\/p>\n","protected":false},"author":1,"featured_media":0,"comment_status":"closed","ping_status":"closed","sticky":false,"template":"","format":"standard","meta":{"colormag_page_container_layout":"default_layout","colormag_page_sidebar_layout":"default_layout","_s2mail":"yes","footnotes":""},"categories":[17],"tags":[],"_links":{"self":[{"href":"https:\/\/aviones.mindonium.es\/portal\/wp-json\/wp\/v2\/posts\/4262"}],"collection":[{"href":"https:\/\/aviones.mindonium.es\/portal\/wp-json\/wp\/v2\/posts"}],"about":[{"href":"https:\/\/aviones.mindonium.es\/portal\/wp-json\/wp\/v2\/types\/post"}],"author":[{"embeddable":true,"href":"https:\/\/aviones.mindonium.es\/portal\/wp-json\/wp\/v2\/users\/1"}],"replies":[{"embeddable":true,"href":"https:\/\/aviones.mindonium.es\/portal\/wp-json\/wp\/v2\/comments?post=4262"}],"version-history":[{"count":8,"href":"https:\/\/aviones.mindonium.es\/portal\/wp-json\/wp\/v2\/posts\/4262\/revisions"}],"predecessor-version":[{"id":4287,"href":"https:\/\/aviones.mindonium.es\/portal\/wp-json\/wp\/v2\/posts\/4262\/revisions\/4287"}],"wp:attachment":[{"href":"https:\/\/aviones.mindonium.es\/portal\/wp-json\/wp\/v2\/media?parent=4262"}],"wp:term":[{"taxonomy":"category","embeddable":true,"href":"https:\/\/aviones.mindonium.es\/portal\/wp-json\/wp\/v2\/categories?post=4262"},{"taxonomy":"post_tag","embeddable":true,"href":"https:\/\/aviones.mindonium.es\/portal\/wp-json\/wp\/v2\/tags?post=4262"}],"curies":[{"name":"wp","href":"https:\/\/api.w.org\/{rel}","templated":true}]}}