{"id":4251,"date":"2013-01-27T14:56:34","date_gmt":"2013-01-27T14:56:34","guid":{"rendered":"http:\/\/aviones.mindonium.es\/portal\/?p=4251"},"modified":"2018-08-12T18:05:07","modified_gmt":"2018-08-12T18:05:07","slug":"carnavales-2013-mondonedo","status":"publish","type":"post","link":"https:\/\/aviones.mindonium.es\/portal\/2013\/01\/27\/carnavales-2013-mondonedo\/","title":{"rendered":"Carnavales 2013 Mondo\u00f1edo"},"content":{"rendered":"<p>El Ayuntamiento de Mondo\u00f1edo te invita un a\u00f1o m\u00e1s a participar en el \u201cconcurso de desfile de disfraces\u201d que se celebrar\u00e1 el pr\u00f3ximo s\u00e1bado 16 de febrero para poder gozar de toda la magia del carnaval.<\/p>\n<p>Al finalizar en la plaza del Ayuntamiento tendr\u00e1 lugar la actuaci\u00f3n del \u201cD\u00fao Chechu y Salva\u201d y la entrega de premios a los mejores disfraces.<\/p>\n<p>E l \u201cbaile de disfraces infantil\u201d tendr\u00e1 lugar el pr\u00f3ximo S\u00e1bado 9 de Febrero a partir de las 16.30 H en el pabell\u00f3n municipal de deportes, habr\u00e1 merienda para todos los ni\u00f1os y ni\u00f1as , organizado por ANPA del CEIP \u201c\u00c1lvaro Cunqueiro Mora! De Mondo\u00f1edo.<\/p>\n<p>Tienes toda la informaci\u00f3n, las bases del concurso as\u00ed como los premios en los carteles haciendo clic sobre ellos.<\/p>\n<p><a href=\"http:\/\/aviones.mindonium.es\/portal\/wp-content\/uploads\/2013\/01\/0-1-web.jpg\" target=\"_blank\"><img loading=\"lazy\" decoding=\"async\" class=\"aligncenter size-medium wp-image-4252\" src=\"http:\/\/aviones.mindonium.es\/portal\/wp-content\/uploads\/2013\/01\/0-1-web-300x210.jpg\" alt=\"\" width=\"300\" height=\"210\" srcset=\"https:\/\/aviones.mindonium.es\/portal\/wp-content\/uploads\/2013\/01\/0-1-web-300x210.jpg 300w, https:\/\/aviones.mindonium.es\/portal\/wp-content\/uploads\/2013\/01\/0-1-web-400x281.jpg 400w, https:\/\/aviones.mindonium.es\/portal\/wp-content\/uploads\/2013\/01\/0-1-web.jpg 1000w\" sizes=\"(max-width: 300px) 100vw, 300px\" \/><\/a><\/p>\n<p><a href=\"http:\/\/aviones.mindonium.es\/portal\/wp-content\/uploads\/2013\/01\/0-2-web1.jpg\" target=\"_blank\"><img loading=\"lazy\" decoding=\"async\" class=\"aligncenter size-medium wp-image-4253\" src=\"http:\/\/aviones.mindonium.es\/portal\/wp-content\/uploads\/2013\/01\/0-2-web1-300x208.jpg\" alt=\"\" width=\"300\" height=\"208\" srcset=\"https:\/\/aviones.mindonium.es\/portal\/wp-content\/uploads\/2013\/01\/0-2-web1-300x208.jpg 300w, https:\/\/aviones.mindonium.es\/portal\/wp-content\/uploads\/2013\/01\/0-2-web1-400x278.jpg 400w, https:\/\/aviones.mindonium.es\/portal\/wp-content\/uploads\/2013\/01\/0-2-web1.jpg 1000w\" sizes=\"(max-width: 300px) 100vw, 300px\" \/><\/a><\/p>\n<p><a href=\"http:\/\/www.mindonium.es\">Volver a inicio<\/a><br \/>\n<span style=\"color: #808080;\">mindonium.es \u201cel portal de todos los Mindonienses\u201d<\/span><br \/>\n<span style=\"color: #808080;\"> Te gustar\u00eda recibir las publicaciones en tu correo?<\/span><a href=\"http:\/\/aviones.mindonium.es\/portal\/wp-login.php?action=register\"> Reg\u00edstrate<\/a><\/p>\n","protected":false},"excerpt":{"rendered":"<p>El Ayuntamiento de Mondo\u00f1edo te invita un a\u00f1o m\u00e1s a participar en el \u201cconcurso de desfile de disfraces\u201d que se<\/p>\n","protected":false},"author":1,"featured_media":0,"comment_status":"closed","ping_status":"closed","sticky":false,"template":"","format":"standard","meta":{"colormag_page_container_layout":"default_layout","colormag_page_sidebar_layout":"default_layout","_s2mail":"yes","footnotes":""},"categories":[17],"tags":[],"_links":{"self":[{"href":"https:\/\/aviones.mindonium.es\/portal\/wp-json\/wp\/v2\/posts\/4251"}],"collection":[{"href":"https:\/\/aviones.mindonium.es\/portal\/wp-json\/wp\/v2\/posts"}],"about":[{"href":"https:\/\/aviones.mindonium.es\/portal\/wp-json\/wp\/v2\/types\/post"}],"author":[{"embeddable":true,"href":"https:\/\/aviones.mindonium.es\/portal\/wp-json\/wp\/v2\/users\/1"}],"replies":[{"embeddable":true,"href":"https:\/\/aviones.mindonium.es\/portal\/wp-json\/wp\/v2\/comments?post=4251"}],"version-history":[{"count":4,"href":"https:\/\/aviones.mindonium.es\/portal\/wp-json\/wp\/v2\/posts\/4251\/revisions"}],"predecessor-version":[{"id":4257,"href":"https:\/\/aviones.mindonium.es\/portal\/wp-json\/wp\/v2\/posts\/4251\/revisions\/4257"}],"wp:attachment":[{"href":"https:\/\/aviones.mindonium.es\/portal\/wp-json\/wp\/v2\/media?parent=4251"}],"wp:term":[{"taxonomy":"category","embeddable":true,"href":"https:\/\/aviones.mindonium.es\/portal\/wp-json\/wp\/v2\/categories?post=4251"},{"taxonomy":"post_tag","embeddable":true,"href":"https:\/\/aviones.mindonium.es\/portal\/wp-json\/wp\/v2\/tags?post=4251"}],"curies":[{"name":"wp","href":"https:\/\/api.w.org\/{rel}","templated":true}]}}