{"id":4237,"date":"2013-01-17T22:24:20","date_gmt":"2013-01-17T22:24:20","guid":{"rendered":"http:\/\/aviones.mindonium.es\/portal\/?p=4237"},"modified":"2018-08-12T18:05:07","modified_gmt":"2018-08-12T18:05:07","slug":"homenaje-a-ricardo-pedreira-perez","status":"publish","type":"post","link":"https:\/\/aviones.mindonium.es\/portal\/2013\/01\/17\/homenaje-a-ricardo-pedreira-perez\/","title":{"rendered":"homenaje a Ricardo Pedreira P\u00e9rez"},"content":{"rendered":"<p>Este s\u00e1bado 26 de enero se le ofrecer\u00e1 un homenaje a Ricardo Pedreira P\u00e9rez en el Auditorio municipal Pascual Veiga, toda la informaci\u00f3n del evento en los carteles adjuntos que los puedes ver \u00a0a pantalla completa haciendo clic sobre ellos.<\/p>\n<p><a href=\"http:\/\/aviones.mindonium.es\/portal\/wp-content\/uploads\/2013\/01\/cartel_01-web.jpg\" target=\"_blank\"><img loading=\"lazy\" decoding=\"async\" class=\"aligncenter size-medium wp-image-4238\" src=\"http:\/\/aviones.mindonium.es\/portal\/wp-content\/uploads\/2013\/01\/cartel_01-web-212x300.jpg\" alt=\"\" width=\"212\" height=\"300\" srcset=\"https:\/\/aviones.mindonium.es\/portal\/wp-content\/uploads\/2013\/01\/cartel_01-web-212x300.jpg 212w, https:\/\/aviones.mindonium.es\/portal\/wp-content\/uploads\/2013\/01\/cartel_01-web-400x566.jpg 400w, https:\/\/aviones.mindonium.es\/portal\/wp-content\/uploads\/2013\/01\/cartel_01-web.jpg 707w\" sizes=\"(max-width: 212px) 100vw, 212px\" \/><\/a><\/p>\n<p>&nbsp;<\/p>\n<p><a href=\"http:\/\/aviones.mindonium.es\/portal\/wp-content\/uploads\/2013\/01\/folleto_0001-web.jpg\" target=\"_blank\"><img loading=\"lazy\" decoding=\"async\" class=\"aligncenter size-medium wp-image-4239\" src=\"http:\/\/aviones.mindonium.es\/portal\/wp-content\/uploads\/2013\/01\/folleto_0001-web-300x212.jpg\" alt=\"\" width=\"300\" height=\"212\" srcset=\"https:\/\/aviones.mindonium.es\/portal\/wp-content\/uploads\/2013\/01\/folleto_0001-web-300x212.jpg 300w, https:\/\/aviones.mindonium.es\/portal\/wp-content\/uploads\/2013\/01\/folleto_0001-web-400x283.jpg 400w, https:\/\/aviones.mindonium.es\/portal\/wp-content\/uploads\/2013\/01\/folleto_0001-web.jpg 1000w\" sizes=\"(max-width: 300px) 100vw, 300px\" \/><\/a><\/p>\n<p>&nbsp;<\/p>\n<p><a href=\"http:\/\/aviones.mindonium.es\/portal\/wp-content\/uploads\/2013\/01\/folleto_0002-web.jpg\" target=\"_blank\"><img loading=\"lazy\" decoding=\"async\" class=\"aligncenter size-medium wp-image-4241\" src=\"http:\/\/aviones.mindonium.es\/portal\/wp-content\/uploads\/2013\/01\/folleto_0002-web-300x212.jpg\" alt=\"\" width=\"300\" height=\"212\" srcset=\"https:\/\/aviones.mindonium.es\/portal\/wp-content\/uploads\/2013\/01\/folleto_0002-web-300x212.jpg 300w, https:\/\/aviones.mindonium.es\/portal\/wp-content\/uploads\/2013\/01\/folleto_0002-web-400x283.jpg 400w, https:\/\/aviones.mindonium.es\/portal\/wp-content\/uploads\/2013\/01\/folleto_0002-web.jpg 1000w\" sizes=\"(max-width: 300px) 100vw, 300px\" \/><\/a><\/p>\n<p><a href=\"http:\/\/www.mindonium.es\">Volver a inicio<\/a><br \/>\n<span style=\"color: #808080;\">mindonium.es \u201cel portal de todos los Mindonienses\u201d<\/span><br \/>\n<span style=\"color: #808080;\"> Te gustar\u00eda recibir las publicaciones en tu correo?<\/span><a href=\"http:\/\/aviones.mindonium.es\/portal\/wp-login.php?action=register\"> Reg\u00edstrate<\/a><\/p>\n","protected":false},"excerpt":{"rendered":"<p>Este s\u00e1bado 26 de enero se le ofrecer\u00e1 un homenaje a Ricardo Pedreira P\u00e9rez en el Auditorio municipal Pascual Veiga,<\/p>\n","protected":false},"author":1,"featured_media":0,"comment_status":"closed","ping_status":"closed","sticky":false,"template":"","format":"standard","meta":{"colormag_page_container_layout":"default_layout","colormag_page_sidebar_layout":"default_layout","_s2mail":"yes","footnotes":""},"categories":[17],"tags":[],"_links":{"self":[{"href":"https:\/\/aviones.mindonium.es\/portal\/wp-json\/wp\/v2\/posts\/4237"}],"collection":[{"href":"https:\/\/aviones.mindonium.es\/portal\/wp-json\/wp\/v2\/posts"}],"about":[{"href":"https:\/\/aviones.mindonium.es\/portal\/wp-json\/wp\/v2\/types\/post"}],"author":[{"embeddable":true,"href":"https:\/\/aviones.mindonium.es\/portal\/wp-json\/wp\/v2\/users\/1"}],"replies":[{"embeddable":true,"href":"https:\/\/aviones.mindonium.es\/portal\/wp-json\/wp\/v2\/comments?post=4237"}],"version-history":[{"count":7,"href":"https:\/\/aviones.mindonium.es\/portal\/wp-json\/wp\/v2\/posts\/4237\/revisions"}],"predecessor-version":[{"id":4247,"href":"https:\/\/aviones.mindonium.es\/portal\/wp-json\/wp\/v2\/posts\/4237\/revisions\/4247"}],"wp:attachment":[{"href":"https:\/\/aviones.mindonium.es\/portal\/wp-json\/wp\/v2\/media?parent=4237"}],"wp:term":[{"taxonomy":"category","embeddable":true,"href":"https:\/\/aviones.mindonium.es\/portal\/wp-json\/wp\/v2\/categories?post=4237"},{"taxonomy":"post_tag","embeddable":true,"href":"https:\/\/aviones.mindonium.es\/portal\/wp-json\/wp\/v2\/tags?post=4237"}],"curies":[{"name":"wp","href":"https:\/\/api.w.org\/{rel}","templated":true}]}}